{"id":69013,"date":"2024-12-11T18:04:57","date_gmt":"2024-12-11T17:04:57","guid":{"rendered":"https:\/\/www.giessegi.com\/?p=69013"},"modified":"2024-12-11T18:04:57","modified_gmt":"2024-12-11T17:04:57","slug":"jaume-pueyo-reescribe-la-historia-del-esqui-de-fondo-espanol","status":"publish","type":"post","link":"https:\/\/www.giessegi.com\/es\/jaume-pueyo-reescribe-la-historia-del-esqui-de-fondo-espanol\/","title":{"rendered":"Jaume Pueyo reescribe la historia del esqu\u00ed de fondo espa\u00f1ol"},"content":{"rendered":"<p>El joven talento catal\u00e1n Jaume Pueyo brill\u00f3 en Lillehammer, Noruega, durante una de las carreras m\u00e1s competitivas de la Copa del Mundo de Esqu\u00ed de Fondo. Finalizando en <strong>la 21\u00aa posici\u00f3n en el Sprint Libre<\/strong>, Pueyo demostr\u00f3 una vez m\u00e1s que puede competir con los mejores especialistas del mundo.<\/p>\n<p>Pero el verdadero resultado hist\u00f3rico lleg\u00f3 durante la clasificaci\u00f3n, donde obtuvo un incre\u00edble <strong>3\u00ba puesto<\/strong>, la mejor ubicaci\u00f3n jam\u00e1s lograda por un esquiador de fondo espa\u00f1ol en una prueba de la Copa del Mundo. Solo dos leyendas, Ben Ogden (USA) y Johannes Klaebo (NOR), han precedido al joven talento leridano.<\/p>\n<p>En Lillehammer, Pueyo corri\u00f3 con la misma determinaci\u00f3n que nosotros en <strong>GSG<\/strong> ponemos en la creaci\u00f3n de cada prenda t\u00e9cnica. Nuestro objetivo es el mismo que el de los deportistas que visten nuestros productos: alcanzar la excelencia, siempre.<\/p>\n<p>Con tan solo 23 a\u00f1os, Pueyo sigue cosechando \u00e9xitos: desde la medalla de plata en la Universiada 2023 hasta el Top 10 obtenido en prestigiosas carreras como la Minneapolis Sprint (USA) y Lahti (FIN). Su ascenso es un ejemplo de talento, trabajo y pasi\u00f3n.<\/p>\n<p><strong>Tu equipo tambi\u00e9n puede apuntar alto<\/strong>. <strong>La ropa personalizada GSG<\/strong> ofrece un rendimiento \u00f3ptimo y dise\u00f1os a medida para acompa\u00f1ar a los atletas y equipos en los desaf\u00edos m\u00e1s ambiciosos.<\/p>\n<p><a href=\"https:\/\/www.giessegi.com\/wp-content\/uploads\/2024\/12\/Jaume_Pueyo_ski_gsg_rfedi_spainsnow.jpg\"><img fetchpriority=\"high\" decoding=\"async\" class=\"alignnone size-medium wp-image-68934\" src=\"https:\/\/www.giessegi.com\/wp-content\/uploads\/2024\/12\/Jaume_Pueyo_ski_gsg_rfedi_spainsnow-300x200.jpg\" alt=\"\" width=\"300\" height=\"200\" \/><\/a><\/p>\n","protected":false},"excerpt":{"rendered":"<p>El joven talento catal\u00e1n Jaume Pueyo brill\u00f3 en Lillehammer, Noruega, durante una de las carreras m\u00e1s competitivas de la Copa del Mundo de Esqu\u00ed de Fondo. Finalizando en la 21\u00aa posici\u00f3n en el Sprint Libre, Pueyo demostr\u00f3 una vez m\u00e1s que puede competir con los mejores especialistas del mundo. Pero el verdadero resultado hist\u00f3rico lleg\u00f3 [&hellip;]<\/p>\n","protected":false},"author":89,"featured_media":68967,"comment_status":"closed","ping_status":"closed","sticky":false,"template":"","format":"standard","meta":{"footnotes":""},"categories":[519,525],"tags":[],"class_list":["post-69013","post","type-post","status-publish","format-standard","has-post-thumbnail","hentry","category-news-es","category-team-es"],"yoast_head":"<!-- This site is optimized with the Yoast SEO plugin v27.3 - https:\/\/yoast.com\/product\/yoast-seo-wordpress\/ -->\n<title>Jaume Pueyo reescribe la historia del esqu\u00ed de fondo espa\u00f1ol | GSG - Giessegi<\/title>\n<meta name=\"robots\" content=\"index, follow, max-snippet:-1, max-image-preview:large, max-video-preview:-1\" \/>\n<link rel=\"canonical\" href=\"https:\/\/www.giessegi.com\/es\/jaume-pueyo-reescribe-la-historia-del-esqui-de-fondo-espanol\/\" \/>\n<meta property=\"og:locale\" content=\"es_ES\" \/>\n<meta property=\"og:type\" content=\"article\" \/>\n<meta property=\"og:title\" content=\"Jaume Pueyo reescribe la historia del esqu\u00ed de fondo espa\u00f1ol | GSG - Giessegi\" \/>\n<meta property=\"og:description\" content=\"El joven talento catal\u00e1n Jaume Pueyo brill\u00f3 en Lillehammer, Noruega, durante una de las carreras m\u00e1s competitivas de la Copa del Mundo de Esqu\u00ed de Fondo. Finalizando en la 21\u00aa posici\u00f3n en el Sprint Libre, Pueyo demostr\u00f3 una vez m\u00e1s que puede competir con los mejores especialistas del mundo. Pero el verdadero resultado hist\u00f3rico lleg\u00f3 [&hellip;]\" \/>\n<meta property=\"og:url\" content=\"https:\/\/www.giessegi.com\/es\/jaume-pueyo-reescribe-la-historia-del-esqui-de-fondo-espanol\/\" \/>\n<meta property=\"og:site_name\" content=\"GSG - Giessegi\" \/>\n<meta property=\"article:published_time\" content=\"2024-12-11T17:04:57+00:00\" \/>\n<meta property=\"og:image\" content=\"https:\/\/www.giessegi.com\/wp-content\/uploads\/2024\/12\/Pueyo_rfedi_spanish_national_team_gsg_nordic_skiing.jpeg\" \/>\n\t<meta property=\"og:image:width\" content=\"1200\" \/>\n\t<meta property=\"og:image:height\" content=\"1600\" \/>\n\t<meta property=\"og:image:type\" content=\"image\/jpeg\" \/>\n<meta name=\"author\" content=\"marketing@giessegi.com\" \/>\n<meta name=\"twitter:card\" content=\"summary_large_image\" \/>\n<meta name=\"twitter:label1\" content=\"Escrito por\" \/>\n\t<meta name=\"twitter:data1\" content=\"marketing@giessegi.com\" \/>\n\t<meta name=\"twitter:label2\" content=\"Tiempo de lectura\" \/>\n\t<meta name=\"twitter:data2\" content=\"2 minutos\" \/>\n<script type=\"application\/ld+json\" class=\"yoast-schema-graph\">{\"@context\":\"https:\\\/\\\/schema.org\",\"@graph\":[{\"@type\":\"Article\",\"@id\":\"https:\\\/\\\/www.giessegi.com\\\/es\\\/jaume-pueyo-reescribe-la-historia-del-esqui-de-fondo-espanol\\\/#article\",\"isPartOf\":{\"@id\":\"https:\\\/\\\/www.giessegi.com\\\/es\\\/jaume-pueyo-reescribe-la-historia-del-esqui-de-fondo-espanol\\\/\"},\"author\":{\"name\":\"marketing@giessegi.com\",\"@id\":\"https:\\\/\\\/www.giessegi.com\\\/en\\\/#\\\/schema\\\/person\\\/1a222edb0e1b0b6c6e72bee755e53c52\"},\"headline\":\"Jaume Pueyo reescribe la historia del esqu\u00ed de fondo espa\u00f1ol\",\"datePublished\":\"2024-12-11T17:04:57+00:00\",\"mainEntityOfPage\":{\"@id\":\"https:\\\/\\\/www.giessegi.com\\\/es\\\/jaume-pueyo-reescribe-la-historia-del-esqui-de-fondo-espanol\\\/\"},\"wordCount\":237,\"publisher\":{\"@id\":\"https:\\\/\\\/www.giessegi.com\\\/en\\\/#organization\"},\"image\":{\"@id\":\"https:\\\/\\\/www.giessegi.com\\\/es\\\/jaume-pueyo-reescribe-la-historia-del-esqui-de-fondo-espanol\\\/#primaryimage\"},\"thumbnailUrl\":\"https:\\\/\\\/www.giessegi.com\\\/wp-content\\\/uploads\\\/2024\\\/12\\\/Pueyo_rfedi_spanish_national_team_gsg_nordic_skiing.jpeg\",\"articleSection\":[\"News\",\"Team\"],\"inLanguage\":\"es\"},{\"@type\":\"WebPage\",\"@id\":\"https:\\\/\\\/www.giessegi.com\\\/es\\\/jaume-pueyo-reescribe-la-historia-del-esqui-de-fondo-espanol\\\/\",\"url\":\"https:\\\/\\\/www.giessegi.com\\\/es\\\/jaume-pueyo-reescribe-la-historia-del-esqui-de-fondo-espanol\\\/\",\"name\":\"Jaume Pueyo reescribe la historia del esqu\u00ed de fondo espa\u00f1ol | GSG - Giessegi\",\"isPartOf\":{\"@id\":\"https:\\\/\\\/www.giessegi.com\\\/en\\\/#website\"},\"primaryImageOfPage\":{\"@id\":\"https:\\\/\\\/www.giessegi.com\\\/es\\\/jaume-pueyo-reescribe-la-historia-del-esqui-de-fondo-espanol\\\/#primaryimage\"},\"image\":{\"@id\":\"https:\\\/\\\/www.giessegi.com\\\/es\\\/jaume-pueyo-reescribe-la-historia-del-esqui-de-fondo-espanol\\\/#primaryimage\"},\"thumbnailUrl\":\"https:\\\/\\\/www.giessegi.com\\\/wp-content\\\/uploads\\\/2024\\\/12\\\/Pueyo_rfedi_spanish_national_team_gsg_nordic_skiing.jpeg\",\"datePublished\":\"2024-12-11T17:04:57+00:00\",\"breadcrumb\":{\"@id\":\"https:\\\/\\\/www.giessegi.com\\\/es\\\/jaume-pueyo-reescribe-la-historia-del-esqui-de-fondo-espanol\\\/#breadcrumb\"},\"inLanguage\":\"es\",\"potentialAction\":[{\"@type\":\"ReadAction\",\"target\":[\"https:\\\/\\\/www.giessegi.com\\\/es\\\/jaume-pueyo-reescribe-la-historia-del-esqui-de-fondo-espanol\\\/\"]}]},{\"@type\":\"ImageObject\",\"inLanguage\":\"es\",\"@id\":\"https:\\\/\\\/www.giessegi.com\\\/es\\\/jaume-pueyo-reescribe-la-historia-del-esqui-de-fondo-espanol\\\/#primaryimage\",\"url\":\"https:\\\/\\\/www.giessegi.com\\\/wp-content\\\/uploads\\\/2024\\\/12\\\/Pueyo_rfedi_spanish_national_team_gsg_nordic_skiing.jpeg\",\"contentUrl\":\"https:\\\/\\\/www.giessegi.com\\\/wp-content\\\/uploads\\\/2024\\\/12\\\/Pueyo_rfedi_spanish_national_team_gsg_nordic_skiing.jpeg\",\"width\":1200,\"height\":1600},{\"@type\":\"BreadcrumbList\",\"@id\":\"https:\\\/\\\/www.giessegi.com\\\/es\\\/jaume-pueyo-reescribe-la-historia-del-esqui-de-fondo-espanol\\\/#breadcrumb\",\"itemListElement\":[{\"@type\":\"ListItem\",\"position\":1,\"name\":\"Home\",\"item\":\"https:\\\/\\\/www.giessegi.com\\\/\"},{\"@type\":\"ListItem\",\"position\":2,\"name\":\"Jaume Pueyo reescribe la historia del esqu\u00ed de fondo espa\u00f1ol\"}]},{\"@type\":\"WebSite\",\"@id\":\"https:\\\/\\\/www.giessegi.com\\\/en\\\/#website\",\"url\":\"https:\\\/\\\/www.giessegi.com\\\/en\\\/\",\"name\":\"Giessegi\",\"description\":\"\",\"publisher\":{\"@id\":\"https:\\\/\\\/www.giessegi.com\\\/en\\\/#organization\"},\"potentialAction\":[{\"@type\":\"SearchAction\",\"target\":{\"@type\":\"EntryPoint\",\"urlTemplate\":\"https:\\\/\\\/www.giessegi.com\\\/en\\\/?s={search_term_string}\"},\"query-input\":{\"@type\":\"PropertyValueSpecification\",\"valueRequired\":true,\"valueName\":\"search_term_string\"}}],\"inLanguage\":\"es\"},{\"@type\":\"Organization\",\"@id\":\"https:\\\/\\\/www.giessegi.com\\\/en\\\/#organization\",\"name\":\"Giessegi\",\"url\":\"https:\\\/\\\/www.giessegi.com\\\/en\\\/\",\"logo\":{\"@type\":\"ImageObject\",\"inLanguage\":\"es\",\"@id\":\"https:\\\/\\\/www.giessegi.com\\\/en\\\/#\\\/schema\\\/logo\\\/image\\\/\",\"url\":\"https:\\\/\\\/www.giessegi.com\\\/wp-content\\\/uploads\\\/2022\\\/09\\\/giessegi-logo.jpeg\",\"contentUrl\":\"https:\\\/\\\/www.giessegi.com\\\/wp-content\\\/uploads\\\/2022\\\/09\\\/giessegi-logo.jpeg\",\"width\":175,\"height\":77,\"caption\":\"Giessegi\"},\"image\":{\"@id\":\"https:\\\/\\\/www.giessegi.com\\\/en\\\/#\\\/schema\\\/logo\\\/image\\\/\"}},{\"@type\":\"Person\",\"@id\":\"https:\\\/\\\/www.giessegi.com\\\/en\\\/#\\\/schema\\\/person\\\/1a222edb0e1b0b6c6e72bee755e53c52\",\"name\":\"marketing@giessegi.com\",\"image\":{\"@type\":\"ImageObject\",\"inLanguage\":\"es\",\"@id\":\"https:\\\/\\\/secure.gravatar.com\\\/avatar\\\/8e6071aa2f5c6ca84df5a7108f50fe7cddcfb0e259380eada404c95f63bffe60?s=96&d=mm&r=g\",\"url\":\"https:\\\/\\\/secure.gravatar.com\\\/avatar\\\/8e6071aa2f5c6ca84df5a7108f50fe7cddcfb0e259380eada404c95f63bffe60?s=96&d=mm&r=g\",\"contentUrl\":\"https:\\\/\\\/secure.gravatar.com\\\/avatar\\\/8e6071aa2f5c6ca84df5a7108f50fe7cddcfb0e259380eada404c95f63bffe60?s=96&d=mm&r=g\",\"caption\":\"marketing@giessegi.com\"}}]}<\/script>\n<!-- \/ Yoast SEO plugin. -->","yoast_head_json":{"title":"Jaume Pueyo reescribe la historia del esqu\u00ed de fondo espa\u00f1ol | GSG - Giessegi","robots":{"index":"index","follow":"follow","max-snippet":"max-snippet:-1","max-image-preview":"max-image-preview:large","max-video-preview":"max-video-preview:-1"},"canonical":"https:\/\/www.giessegi.com\/es\/jaume-pueyo-reescribe-la-historia-del-esqui-de-fondo-espanol\/","og_locale":"es_ES","og_type":"article","og_title":"Jaume Pueyo reescribe la historia del esqu\u00ed de fondo espa\u00f1ol | GSG - Giessegi","og_description":"El joven talento catal\u00e1n Jaume Pueyo brill\u00f3 en Lillehammer, Noruega, durante una de las carreras m\u00e1s competitivas de la Copa del Mundo de Esqu\u00ed de Fondo. Finalizando en la 21\u00aa posici\u00f3n en el Sprint Libre, Pueyo demostr\u00f3 una vez m\u00e1s que puede competir con los mejores especialistas del mundo. Pero el verdadero resultado hist\u00f3rico lleg\u00f3 [&hellip;]","og_url":"https:\/\/www.giessegi.com\/es\/jaume-pueyo-reescribe-la-historia-del-esqui-de-fondo-espanol\/","og_site_name":"GSG - Giessegi","article_published_time":"2024-12-11T17:04:57+00:00","og_image":[{"width":1200,"height":1600,"url":"https:\/\/www.giessegi.com\/wp-content\/uploads\/2024\/12\/Pueyo_rfedi_spanish_national_team_gsg_nordic_skiing.jpeg","type":"image\/jpeg"}],"author":"marketing@giessegi.com","twitter_card":"summary_large_image","twitter_misc":{"Escrito por":"marketing@giessegi.com","Tiempo de lectura":"2 minutos"},"schema":{"@context":"https:\/\/schema.org","@graph":[{"@type":"Article","@id":"https:\/\/www.giessegi.com\/es\/jaume-pueyo-reescribe-la-historia-del-esqui-de-fondo-espanol\/#article","isPartOf":{"@id":"https:\/\/www.giessegi.com\/es\/jaume-pueyo-reescribe-la-historia-del-esqui-de-fondo-espanol\/"},"author":{"name":"marketing@giessegi.com","@id":"https:\/\/www.giessegi.com\/en\/#\/schema\/person\/1a222edb0e1b0b6c6e72bee755e53c52"},"headline":"Jaume Pueyo reescribe la historia del esqu\u00ed de fondo espa\u00f1ol","datePublished":"2024-12-11T17:04:57+00:00","mainEntityOfPage":{"@id":"https:\/\/www.giessegi.com\/es\/jaume-pueyo-reescribe-la-historia-del-esqui-de-fondo-espanol\/"},"wordCount":237,"publisher":{"@id":"https:\/\/www.giessegi.com\/en\/#organization"},"image":{"@id":"https:\/\/www.giessegi.com\/es\/jaume-pueyo-reescribe-la-historia-del-esqui-de-fondo-espanol\/#primaryimage"},"thumbnailUrl":"https:\/\/www.giessegi.com\/wp-content\/uploads\/2024\/12\/Pueyo_rfedi_spanish_national_team_gsg_nordic_skiing.jpeg","articleSection":["News","Team"],"inLanguage":"es"},{"@type":"WebPage","@id":"https:\/\/www.giessegi.com\/es\/jaume-pueyo-reescribe-la-historia-del-esqui-de-fondo-espanol\/","url":"https:\/\/www.giessegi.com\/es\/jaume-pueyo-reescribe-la-historia-del-esqui-de-fondo-espanol\/","name":"Jaume Pueyo reescribe la historia del esqu\u00ed de fondo espa\u00f1ol | GSG - Giessegi","isPartOf":{"@id":"https:\/\/www.giessegi.com\/en\/#website"},"primaryImageOfPage":{"@id":"https:\/\/www.giessegi.com\/es\/jaume-pueyo-reescribe-la-historia-del-esqui-de-fondo-espanol\/#primaryimage"},"image":{"@id":"https:\/\/www.giessegi.com\/es\/jaume-pueyo-reescribe-la-historia-del-esqui-de-fondo-espanol\/#primaryimage"},"thumbnailUrl":"https:\/\/www.giessegi.com\/wp-content\/uploads\/2024\/12\/Pueyo_rfedi_spanish_national_team_gsg_nordic_skiing.jpeg","datePublished":"2024-12-11T17:04:57+00:00","breadcrumb":{"@id":"https:\/\/www.giessegi.com\/es\/jaume-pueyo-reescribe-la-historia-del-esqui-de-fondo-espanol\/#breadcrumb"},"inLanguage":"es","potentialAction":[{"@type":"ReadAction","target":["https:\/\/www.giessegi.com\/es\/jaume-pueyo-reescribe-la-historia-del-esqui-de-fondo-espanol\/"]}]},{"@type":"ImageObject","inLanguage":"es","@id":"https:\/\/www.giessegi.com\/es\/jaume-pueyo-reescribe-la-historia-del-esqui-de-fondo-espanol\/#primaryimage","url":"https:\/\/www.giessegi.com\/wp-content\/uploads\/2024\/12\/Pueyo_rfedi_spanish_national_team_gsg_nordic_skiing.jpeg","contentUrl":"https:\/\/www.giessegi.com\/wp-content\/uploads\/2024\/12\/Pueyo_rfedi_spanish_national_team_gsg_nordic_skiing.jpeg","width":1200,"height":1600},{"@type":"BreadcrumbList","@id":"https:\/\/www.giessegi.com\/es\/jaume-pueyo-reescribe-la-historia-del-esqui-de-fondo-espanol\/#breadcrumb","itemListElement":[{"@type":"ListItem","position":1,"name":"Home","item":"https:\/\/www.giessegi.com\/"},{"@type":"ListItem","position":2,"name":"Jaume Pueyo reescribe la historia del esqu\u00ed de fondo espa\u00f1ol"}]},{"@type":"WebSite","@id":"https:\/\/www.giessegi.com\/en\/#website","url":"https:\/\/www.giessegi.com\/en\/","name":"Giessegi","description":"","publisher":{"@id":"https:\/\/www.giessegi.com\/en\/#organization"},"potentialAction":[{"@type":"SearchAction","target":{"@type":"EntryPoint","urlTemplate":"https:\/\/www.giessegi.com\/en\/?s={search_term_string}"},"query-input":{"@type":"PropertyValueSpecification","valueRequired":true,"valueName":"search_term_string"}}],"inLanguage":"es"},{"@type":"Organization","@id":"https:\/\/www.giessegi.com\/en\/#organization","name":"Giessegi","url":"https:\/\/www.giessegi.com\/en\/","logo":{"@type":"ImageObject","inLanguage":"es","@id":"https:\/\/www.giessegi.com\/en\/#\/schema\/logo\/image\/","url":"https:\/\/www.giessegi.com\/wp-content\/uploads\/2022\/09\/giessegi-logo.jpeg","contentUrl":"https:\/\/www.giessegi.com\/wp-content\/uploads\/2022\/09\/giessegi-logo.jpeg","width":175,"height":77,"caption":"Giessegi"},"image":{"@id":"https:\/\/www.giessegi.com\/en\/#\/schema\/logo\/image\/"}},{"@type":"Person","@id":"https:\/\/www.giessegi.com\/en\/#\/schema\/person\/1a222edb0e1b0b6c6e72bee755e53c52","name":"marketing@giessegi.com","image":{"@type":"ImageObject","inLanguage":"es","@id":"https:\/\/secure.gravatar.com\/avatar\/8e6071aa2f5c6ca84df5a7108f50fe7cddcfb0e259380eada404c95f63bffe60?s=96&d=mm&r=g","url":"https:\/\/secure.gravatar.com\/avatar\/8e6071aa2f5c6ca84df5a7108f50fe7cddcfb0e259380eada404c95f63bffe60?s=96&d=mm&r=g","contentUrl":"https:\/\/secure.gravatar.com\/avatar\/8e6071aa2f5c6ca84df5a7108f50fe7cddcfb0e259380eada404c95f63bffe60?s=96&d=mm&r=g","caption":"marketing@giessegi.com"}}]}},"_links":{"self":[{"href":"https:\/\/www.giessegi.com\/es\/wp-json\/wp\/v2\/posts\/69013","targetHints":{"allow":["GET"]}}],"collection":[{"href":"https:\/\/www.giessegi.com\/es\/wp-json\/wp\/v2\/posts"}],"about":[{"href":"https:\/\/www.giessegi.com\/es\/wp-json\/wp\/v2\/types\/post"}],"author":[{"embeddable":true,"href":"https:\/\/www.giessegi.com\/es\/wp-json\/wp\/v2\/users\/89"}],"replies":[{"embeddable":true,"href":"https:\/\/www.giessegi.com\/es\/wp-json\/wp\/v2\/comments?post=69013"}],"version-history":[{"count":1,"href":"https:\/\/www.giessegi.com\/es\/wp-json\/wp\/v2\/posts\/69013\/revisions"}],"predecessor-version":[{"id":69014,"href":"https:\/\/www.giessegi.com\/es\/wp-json\/wp\/v2\/posts\/69013\/revisions\/69014"}],"wp:featuredmedia":[{"embeddable":true,"href":"https:\/\/www.giessegi.com\/es\/wp-json\/wp\/v2\/media\/68967"}],"wp:attachment":[{"href":"https:\/\/www.giessegi.com\/es\/wp-json\/wp\/v2\/media?parent=69013"}],"wp:term":[{"taxonomy":"category","embeddable":true,"href":"https:\/\/www.giessegi.com\/es\/wp-json\/wp\/v2\/categories?post=69013"},{"taxonomy":"post_tag","embeddable":true,"href":"https:\/\/www.giessegi.com\/es\/wp-json\/wp\/v2\/tags?post=69013"}],"curies":[{"name":"wp","href":"https:\/\/api.w.org\/{rel}","templated":true}]}}