{"id":61414,"date":"2023-12-11T16:15:55","date_gmt":"2023-12-11T15:15:55","guid":{"rendered":"https:\/\/www.giessegi.com\/abstract-la-collezione-autunno-inverno-2024-di-giessegi\/"},"modified":"2023-12-11T16:19:26","modified_gmt":"2023-12-11T15:19:26","slug":"abstract-la-collezione-autunno-inverno-2024-di-giessegi","status":"publish","type":"post","link":"https:\/\/www.giessegi.com\/es\/abstract-la-collezione-autunno-inverno-2024-di-giessegi\/","title":{"rendered":"ABSTRACT: Colecci\u00f3n Oto\u00f1o-Invierno 2024 de GIESSEGI"},"content":{"rendered":"<p>\u00a1La nueva colecci\u00f3n ABSTRACT Oto\u00f1o-Invierno 2024 ya est\u00e1 online!<\/p>\n<p>Descubre la nueva colecci\u00f3n Oto\u00f1o-Invierno 2024, que nace de la b\u00fasqueda de la perfecci\u00f3n en comodidad, prestaciones y dise\u00f1o incluso en los d\u00edas m\u00e1s fr\u00edos.<\/p>\n<p>Descubre la nueva colecci\u00f3n<br \/>\n\u00a1Y sigue pedaleando!<\/p>\n<blockquote class=\"wp-embedded-content\" data-secret=\"xjaeOzCUhH\"><p><a href=\"https:\/\/www.giessegi.com\/de\/abstract-herbst-winter-kollektion-2024\/\">ABSTRACT colecci\u00f3n OTO\u00d1O-INVIERNO 2024<\/a><\/p><\/blockquote>\n<p><iframe class=\"wp-embedded-content\" sandbox=\"allow-scripts\" security=\"restricted\" style=\"position: absolute; clip: rect(1px, 1px, 1px, 1px);\" title=\"&#8222;ABSTRACT colecci\u00f3n OTO\u00d1O-INVIERNO 2024&#8220; &#8212; GSG - Giessegi\" src=\"https:\/\/www.giessegi.com\/de\/abstract-herbst-winter-kollektion-2024\/embed\/#?secret=Yj0CNDfSt1#?secret=xjaeOzCUhH\" data-secret=\"xjaeOzCUhH\" width=\"600\" height=\"338\" frameborder=\"0\" marginwidth=\"0\" marginheight=\"0\" scrolling=\"no\"><\/iframe><\/p>\n<p>&nbsp;<\/p>\n","protected":false},"excerpt":{"rendered":"<p>\u00a1La nueva colecci\u00f3n ABSTRACT Oto\u00f1o-Invierno 2024 ya est\u00e1 online! Descubre la nueva colecci\u00f3n Oto\u00f1o-Invierno 2024, que nace de la b\u00fasqueda de la perfecci\u00f3n en comodidad, prestaciones y dise\u00f1o incluso en los d\u00edas m\u00e1s fr\u00edos. Descubre la nueva colecci\u00f3n \u00a1Y sigue pedaleando! ABSTRACT colecci\u00f3n OTO\u00d1O-INVIERNO 2024 &nbsp;<\/p>\n","protected":false},"author":89,"featured_media":61410,"comment_status":"closed","ping_status":"closed","sticky":false,"template":"","format":"standard","meta":{"footnotes":""},"categories":[523,519],"tags":[6288,1661,1949,2464,1749,1750,2466,2857,1665],"class_list":["post-61414","post","type-post","status-publish","format-standard","has-post-thumbnail","hentry","category-giessegi-es","category-news-es","tag-2024-es","tag-challenge-your-limits-es","tag-ciclismo-es","tag-cycling-es","tag-giessegi-es","tag-gsg-es","tag-gsgcyclingwear-es","tag-man-es","tag-women"],"yoast_head":"<!-- This site is optimized with the Yoast SEO plugin v27.3 - https:\/\/yoast.com\/product\/yoast-seo-wordpress\/ -->\n<title>ABSTRACT: Colecci\u00f3n Oto\u00f1o-Invierno 2024 de GIESSEGI | GSG - Giessegi<\/title>\n<meta name=\"robots\" content=\"index, follow, max-snippet:-1, max-image-preview:large, max-video-preview:-1\" \/>\n<link rel=\"canonical\" href=\"https:\/\/www.giessegi.com\/es\/abstract-la-collezione-autunno-inverno-2024-di-giessegi\/\" \/>\n<meta property=\"og:locale\" content=\"es_ES\" \/>\n<meta property=\"og:type\" content=\"article\" \/>\n<meta property=\"og:title\" content=\"ABSTRACT: Colecci\u00f3n Oto\u00f1o-Invierno 2024 de GIESSEGI | GSG - Giessegi\" \/>\n<meta property=\"og:description\" content=\"\u00a1La nueva colecci\u00f3n ABSTRACT Oto\u00f1o-Invierno 2024 ya est\u00e1 online! Descubre la nueva colecci\u00f3n Oto\u00f1o-Invierno 2024, que nace de la b\u00fasqueda de la perfecci\u00f3n en comodidad, prestaciones y dise\u00f1o incluso en los d\u00edas m\u00e1s fr\u00edos. Descubre la nueva colecci\u00f3n \u00a1Y sigue pedaleando! ABSTRACT colecci\u00f3n OTO\u00d1O-INVIERNO 2024 &nbsp;\" \/>\n<meta property=\"og:url\" content=\"https:\/\/www.giessegi.com\/es\/abstract-la-collezione-autunno-inverno-2024-di-giessegi\/\" \/>\n<meta property=\"og:site_name\" content=\"GSG - Giessegi\" \/>\n<meta property=\"article:published_time\" content=\"2023-12-11T15:15:55+00:00\" \/>\n<meta property=\"article:modified_time\" content=\"2023-12-11T15:19:26+00:00\" \/>\n<meta property=\"og:image\" content=\"https:\/\/www.giessegi.com\/wp-content\/uploads\/2023\/12\/News-abstract_collectionfw24.jpg\" \/>\n\t<meta property=\"og:image:width\" content=\"1600\" \/>\n\t<meta property=\"og:image:height\" content=\"900\" \/>\n\t<meta property=\"og:image:type\" content=\"image\/jpeg\" \/>\n<meta name=\"author\" content=\"marketing@giessegi.com\" \/>\n<meta name=\"twitter:card\" content=\"summary_large_image\" \/>\n<meta name=\"twitter:label1\" content=\"Escrito por\" \/>\n\t<meta name=\"twitter:data1\" content=\"marketing@giessegi.com\" \/>\n\t<meta name=\"twitter:label2\" content=\"Tiempo de lectura\" \/>\n\t<meta name=\"twitter:data2\" content=\"1 minuto\" \/>\n<script type=\"application\/ld+json\" class=\"yoast-schema-graph\">{\"@context\":\"https:\\\/\\\/schema.org\",\"@graph\":[{\"@type\":\"Article\",\"@id\":\"https:\\\/\\\/www.giessegi.com\\\/es\\\/abstract-la-collezione-autunno-inverno-2024-di-giessegi\\\/#article\",\"isPartOf\":{\"@id\":\"https:\\\/\\\/www.giessegi.com\\\/es\\\/abstract-la-collezione-autunno-inverno-2024-di-giessegi\\\/\"},\"author\":{\"name\":\"marketing@giessegi.com\",\"@id\":\"https:\\\/\\\/www.giessegi.com\\\/en\\\/#\\\/schema\\\/person\\\/1a222edb0e1b0b6c6e72bee755e53c52\"},\"headline\":\"ABSTRACT: Colecci\u00f3n Oto\u00f1o-Invierno 2024 de GIESSEGI\",\"datePublished\":\"2023-12-11T15:15:55+00:00\",\"dateModified\":\"2023-12-11T15:19:26+00:00\",\"mainEntityOfPage\":{\"@id\":\"https:\\\/\\\/www.giessegi.com\\\/es\\\/abstract-la-collezione-autunno-inverno-2024-di-giessegi\\\/\"},\"wordCount\":64,\"publisher\":{\"@id\":\"https:\\\/\\\/www.giessegi.com\\\/en\\\/#organization\"},\"image\":{\"@id\":\"https:\\\/\\\/www.giessegi.com\\\/es\\\/abstract-la-collezione-autunno-inverno-2024-di-giessegi\\\/#primaryimage\"},\"thumbnailUrl\":\"https:\\\/\\\/www.giessegi.com\\\/wp-content\\\/uploads\\\/2023\\\/12\\\/News-abstract_collectionfw24.jpg\",\"keywords\":[\"2024\",\"Challenge your limits\",\"ciclismo\",\"Cycling\",\"giessegi\",\"GSG\",\"GSGCyclingWear\",\"Man\",\"Women\"],\"articleSection\":[\"Giessegi\",\"News\"],\"inLanguage\":\"es\"},{\"@type\":\"WebPage\",\"@id\":\"https:\\\/\\\/www.giessegi.com\\\/es\\\/abstract-la-collezione-autunno-inverno-2024-di-giessegi\\\/\",\"url\":\"https:\\\/\\\/www.giessegi.com\\\/es\\\/abstract-la-collezione-autunno-inverno-2024-di-giessegi\\\/\",\"name\":\"ABSTRACT: Colecci\u00f3n Oto\u00f1o-Invierno 2024 de GIESSEGI | GSG - Giessegi\",\"isPartOf\":{\"@id\":\"https:\\\/\\\/www.giessegi.com\\\/en\\\/#website\"},\"primaryImageOfPage\":{\"@id\":\"https:\\\/\\\/www.giessegi.com\\\/es\\\/abstract-la-collezione-autunno-inverno-2024-di-giessegi\\\/#primaryimage\"},\"image\":{\"@id\":\"https:\\\/\\\/www.giessegi.com\\\/es\\\/abstract-la-collezione-autunno-inverno-2024-di-giessegi\\\/#primaryimage\"},\"thumbnailUrl\":\"https:\\\/\\\/www.giessegi.com\\\/wp-content\\\/uploads\\\/2023\\\/12\\\/News-abstract_collectionfw24.jpg\",\"datePublished\":\"2023-12-11T15:15:55+00:00\",\"dateModified\":\"2023-12-11T15:19:26+00:00\",\"breadcrumb\":{\"@id\":\"https:\\\/\\\/www.giessegi.com\\\/es\\\/abstract-la-collezione-autunno-inverno-2024-di-giessegi\\\/#breadcrumb\"},\"inLanguage\":\"es\",\"potentialAction\":[{\"@type\":\"ReadAction\",\"target\":[\"https:\\\/\\\/www.giessegi.com\\\/es\\\/abstract-la-collezione-autunno-inverno-2024-di-giessegi\\\/\"]}]},{\"@type\":\"ImageObject\",\"inLanguage\":\"es\",\"@id\":\"https:\\\/\\\/www.giessegi.com\\\/es\\\/abstract-la-collezione-autunno-inverno-2024-di-giessegi\\\/#primaryimage\",\"url\":\"https:\\\/\\\/www.giessegi.com\\\/wp-content\\\/uploads\\\/2023\\\/12\\\/News-abstract_collectionfw24.jpg\",\"contentUrl\":\"https:\\\/\\\/www.giessegi.com\\\/wp-content\\\/uploads\\\/2023\\\/12\\\/News-abstract_collectionfw24.jpg\",\"width\":1600,\"height\":900},{\"@type\":\"BreadcrumbList\",\"@id\":\"https:\\\/\\\/www.giessegi.com\\\/es\\\/abstract-la-collezione-autunno-inverno-2024-di-giessegi\\\/#breadcrumb\",\"itemListElement\":[{\"@type\":\"ListItem\",\"position\":1,\"name\":\"Home\",\"item\":\"https:\\\/\\\/www.giessegi.com\\\/\"},{\"@type\":\"ListItem\",\"position\":2,\"name\":\"ABSTRACT: Colecci\u00f3n Oto\u00f1o-Invierno 2024 de GIESSEGI\"}]},{\"@type\":\"WebSite\",\"@id\":\"https:\\\/\\\/www.giessegi.com\\\/en\\\/#website\",\"url\":\"https:\\\/\\\/www.giessegi.com\\\/en\\\/\",\"name\":\"Giessegi\",\"description\":\"\",\"publisher\":{\"@id\":\"https:\\\/\\\/www.giessegi.com\\\/en\\\/#organization\"},\"potentialAction\":[{\"@type\":\"SearchAction\",\"target\":{\"@type\":\"EntryPoint\",\"urlTemplate\":\"https:\\\/\\\/www.giessegi.com\\\/en\\\/?s={search_term_string}\"},\"query-input\":{\"@type\":\"PropertyValueSpecification\",\"valueRequired\":true,\"valueName\":\"search_term_string\"}}],\"inLanguage\":\"es\"},{\"@type\":\"Organization\",\"@id\":\"https:\\\/\\\/www.giessegi.com\\\/en\\\/#organization\",\"name\":\"Giessegi\",\"url\":\"https:\\\/\\\/www.giessegi.com\\\/en\\\/\",\"logo\":{\"@type\":\"ImageObject\",\"inLanguage\":\"es\",\"@id\":\"https:\\\/\\\/www.giessegi.com\\\/en\\\/#\\\/schema\\\/logo\\\/image\\\/\",\"url\":\"https:\\\/\\\/www.giessegi.com\\\/wp-content\\\/uploads\\\/2022\\\/09\\\/giessegi-logo.jpeg\",\"contentUrl\":\"https:\\\/\\\/www.giessegi.com\\\/wp-content\\\/uploads\\\/2022\\\/09\\\/giessegi-logo.jpeg\",\"width\":175,\"height\":77,\"caption\":\"Giessegi\"},\"image\":{\"@id\":\"https:\\\/\\\/www.giessegi.com\\\/en\\\/#\\\/schema\\\/logo\\\/image\\\/\"}},{\"@type\":\"Person\",\"@id\":\"https:\\\/\\\/www.giessegi.com\\\/en\\\/#\\\/schema\\\/person\\\/1a222edb0e1b0b6c6e72bee755e53c52\",\"name\":\"marketing@giessegi.com\",\"image\":{\"@type\":\"ImageObject\",\"inLanguage\":\"es\",\"@id\":\"https:\\\/\\\/secure.gravatar.com\\\/avatar\\\/8e6071aa2f5c6ca84df5a7108f50fe7cddcfb0e259380eada404c95f63bffe60?s=96&d=mm&r=g\",\"url\":\"https:\\\/\\\/secure.gravatar.com\\\/avatar\\\/8e6071aa2f5c6ca84df5a7108f50fe7cddcfb0e259380eada404c95f63bffe60?s=96&d=mm&r=g\",\"contentUrl\":\"https:\\\/\\\/secure.gravatar.com\\\/avatar\\\/8e6071aa2f5c6ca84df5a7108f50fe7cddcfb0e259380eada404c95f63bffe60?s=96&d=mm&r=g\",\"caption\":\"marketing@giessegi.com\"}}]}<\/script>\n<!-- \/ Yoast SEO plugin. -->","yoast_head_json":{"title":"ABSTRACT: Colecci\u00f3n Oto\u00f1o-Invierno 2024 de GIESSEGI | GSG - Giessegi","robots":{"index":"index","follow":"follow","max-snippet":"max-snippet:-1","max-image-preview":"max-image-preview:large","max-video-preview":"max-video-preview:-1"},"canonical":"https:\/\/www.giessegi.com\/es\/abstract-la-collezione-autunno-inverno-2024-di-giessegi\/","og_locale":"es_ES","og_type":"article","og_title":"ABSTRACT: Colecci\u00f3n Oto\u00f1o-Invierno 2024 de GIESSEGI | GSG - Giessegi","og_description":"\u00a1La nueva colecci\u00f3n ABSTRACT Oto\u00f1o-Invierno 2024 ya est\u00e1 online! Descubre la nueva colecci\u00f3n Oto\u00f1o-Invierno 2024, que nace de la b\u00fasqueda de la perfecci\u00f3n en comodidad, prestaciones y dise\u00f1o incluso en los d\u00edas m\u00e1s fr\u00edos. Descubre la nueva colecci\u00f3n \u00a1Y sigue pedaleando! ABSTRACT colecci\u00f3n OTO\u00d1O-INVIERNO 2024 &nbsp;","og_url":"https:\/\/www.giessegi.com\/es\/abstract-la-collezione-autunno-inverno-2024-di-giessegi\/","og_site_name":"GSG - Giessegi","article_published_time":"2023-12-11T15:15:55+00:00","article_modified_time":"2023-12-11T15:19:26+00:00","og_image":[{"width":1600,"height":900,"url":"https:\/\/www.giessegi.com\/wp-content\/uploads\/2023\/12\/News-abstract_collectionfw24.jpg","type":"image\/jpeg"}],"author":"marketing@giessegi.com","twitter_card":"summary_large_image","twitter_misc":{"Escrito por":"marketing@giessegi.com","Tiempo de lectura":"1 minuto"},"schema":{"@context":"https:\/\/schema.org","@graph":[{"@type":"Article","@id":"https:\/\/www.giessegi.com\/es\/abstract-la-collezione-autunno-inverno-2024-di-giessegi\/#article","isPartOf":{"@id":"https:\/\/www.giessegi.com\/es\/abstract-la-collezione-autunno-inverno-2024-di-giessegi\/"},"author":{"name":"marketing@giessegi.com","@id":"https:\/\/www.giessegi.com\/en\/#\/schema\/person\/1a222edb0e1b0b6c6e72bee755e53c52"},"headline":"ABSTRACT: Colecci\u00f3n Oto\u00f1o-Invierno 2024 de GIESSEGI","datePublished":"2023-12-11T15:15:55+00:00","dateModified":"2023-12-11T15:19:26+00:00","mainEntityOfPage":{"@id":"https:\/\/www.giessegi.com\/es\/abstract-la-collezione-autunno-inverno-2024-di-giessegi\/"},"wordCount":64,"publisher":{"@id":"https:\/\/www.giessegi.com\/en\/#organization"},"image":{"@id":"https:\/\/www.giessegi.com\/es\/abstract-la-collezione-autunno-inverno-2024-di-giessegi\/#primaryimage"},"thumbnailUrl":"https:\/\/www.giessegi.com\/wp-content\/uploads\/2023\/12\/News-abstract_collectionfw24.jpg","keywords":["2024","Challenge your limits","ciclismo","Cycling","giessegi","GSG","GSGCyclingWear","Man","Women"],"articleSection":["Giessegi","News"],"inLanguage":"es"},{"@type":"WebPage","@id":"https:\/\/www.giessegi.com\/es\/abstract-la-collezione-autunno-inverno-2024-di-giessegi\/","url":"https:\/\/www.giessegi.com\/es\/abstract-la-collezione-autunno-inverno-2024-di-giessegi\/","name":"ABSTRACT: Colecci\u00f3n Oto\u00f1o-Invierno 2024 de GIESSEGI | GSG - Giessegi","isPartOf":{"@id":"https:\/\/www.giessegi.com\/en\/#website"},"primaryImageOfPage":{"@id":"https:\/\/www.giessegi.com\/es\/abstract-la-collezione-autunno-inverno-2024-di-giessegi\/#primaryimage"},"image":{"@id":"https:\/\/www.giessegi.com\/es\/abstract-la-collezione-autunno-inverno-2024-di-giessegi\/#primaryimage"},"thumbnailUrl":"https:\/\/www.giessegi.com\/wp-content\/uploads\/2023\/12\/News-abstract_collectionfw24.jpg","datePublished":"2023-12-11T15:15:55+00:00","dateModified":"2023-12-11T15:19:26+00:00","breadcrumb":{"@id":"https:\/\/www.giessegi.com\/es\/abstract-la-collezione-autunno-inverno-2024-di-giessegi\/#breadcrumb"},"inLanguage":"es","potentialAction":[{"@type":"ReadAction","target":["https:\/\/www.giessegi.com\/es\/abstract-la-collezione-autunno-inverno-2024-di-giessegi\/"]}]},{"@type":"ImageObject","inLanguage":"es","@id":"https:\/\/www.giessegi.com\/es\/abstract-la-collezione-autunno-inverno-2024-di-giessegi\/#primaryimage","url":"https:\/\/www.giessegi.com\/wp-content\/uploads\/2023\/12\/News-abstract_collectionfw24.jpg","contentUrl":"https:\/\/www.giessegi.com\/wp-content\/uploads\/2023\/12\/News-abstract_collectionfw24.jpg","width":1600,"height":900},{"@type":"BreadcrumbList","@id":"https:\/\/www.giessegi.com\/es\/abstract-la-collezione-autunno-inverno-2024-di-giessegi\/#breadcrumb","itemListElement":[{"@type":"ListItem","position":1,"name":"Home","item":"https:\/\/www.giessegi.com\/"},{"@type":"ListItem","position":2,"name":"ABSTRACT: Colecci\u00f3n Oto\u00f1o-Invierno 2024 de GIESSEGI"}]},{"@type":"WebSite","@id":"https:\/\/www.giessegi.com\/en\/#website","url":"https:\/\/www.giessegi.com\/en\/","name":"Giessegi","description":"","publisher":{"@id":"https:\/\/www.giessegi.com\/en\/#organization"},"potentialAction":[{"@type":"SearchAction","target":{"@type":"EntryPoint","urlTemplate":"https:\/\/www.giessegi.com\/en\/?s={search_term_string}"},"query-input":{"@type":"PropertyValueSpecification","valueRequired":true,"valueName":"search_term_string"}}],"inLanguage":"es"},{"@type":"Organization","@id":"https:\/\/www.giessegi.com\/en\/#organization","name":"Giessegi","url":"https:\/\/www.giessegi.com\/en\/","logo":{"@type":"ImageObject","inLanguage":"es","@id":"https:\/\/www.giessegi.com\/en\/#\/schema\/logo\/image\/","url":"https:\/\/www.giessegi.com\/wp-content\/uploads\/2022\/09\/giessegi-logo.jpeg","contentUrl":"https:\/\/www.giessegi.com\/wp-content\/uploads\/2022\/09\/giessegi-logo.jpeg","width":175,"height":77,"caption":"Giessegi"},"image":{"@id":"https:\/\/www.giessegi.com\/en\/#\/schema\/logo\/image\/"}},{"@type":"Person","@id":"https:\/\/www.giessegi.com\/en\/#\/schema\/person\/1a222edb0e1b0b6c6e72bee755e53c52","name":"marketing@giessegi.com","image":{"@type":"ImageObject","inLanguage":"es","@id":"https:\/\/secure.gravatar.com\/avatar\/8e6071aa2f5c6ca84df5a7108f50fe7cddcfb0e259380eada404c95f63bffe60?s=96&d=mm&r=g","url":"https:\/\/secure.gravatar.com\/avatar\/8e6071aa2f5c6ca84df5a7108f50fe7cddcfb0e259380eada404c95f63bffe60?s=96&d=mm&r=g","contentUrl":"https:\/\/secure.gravatar.com\/avatar\/8e6071aa2f5c6ca84df5a7108f50fe7cddcfb0e259380eada404c95f63bffe60?s=96&d=mm&r=g","caption":"marketing@giessegi.com"}}]}},"_links":{"self":[{"href":"https:\/\/www.giessegi.com\/es\/wp-json\/wp\/v2\/posts\/61414","targetHints":{"allow":["GET"]}}],"collection":[{"href":"https:\/\/www.giessegi.com\/es\/wp-json\/wp\/v2\/posts"}],"about":[{"href":"https:\/\/www.giessegi.com\/es\/wp-json\/wp\/v2\/types\/post"}],"author":[{"embeddable":true,"href":"https:\/\/www.giessegi.com\/es\/wp-json\/wp\/v2\/users\/89"}],"replies":[{"embeddable":true,"href":"https:\/\/www.giessegi.com\/es\/wp-json\/wp\/v2\/comments?post=61414"}],"version-history":[{"count":2,"href":"https:\/\/www.giessegi.com\/es\/wp-json\/wp\/v2\/posts\/61414\/revisions"}],"predecessor-version":[{"id":61419,"href":"https:\/\/www.giessegi.com\/es\/wp-json\/wp\/v2\/posts\/61414\/revisions\/61419"}],"wp:featuredmedia":[{"embeddable":true,"href":"https:\/\/www.giessegi.com\/es\/wp-json\/wp\/v2\/media\/61410"}],"wp:attachment":[{"href":"https:\/\/www.giessegi.com\/es\/wp-json\/wp\/v2\/media?parent=61414"}],"wp:term":[{"taxonomy":"category","embeddable":true,"href":"https:\/\/www.giessegi.com\/es\/wp-json\/wp\/v2\/categories?post=61414"},{"taxonomy":"post_tag","embeddable":true,"href":"https:\/\/www.giessegi.com\/es\/wp-json\/wp\/v2\/tags?post=61414"}],"curies":[{"name":"wp","href":"https:\/\/api.w.org\/{rel}","templated":true}]}}