{"id":53774,"date":"2023-05-04T16:23:17","date_gmt":"2023-05-04T14:23:17","guid":{"rendered":"https:\/\/www.giessegi.com\/?p=53774"},"modified":"2023-05-04T16:24:12","modified_gmt":"2023-05-04T14:24:12","slug":"giessegi-firma-la-equipacion-oficial-mythos-2023","status":"publish","type":"post","link":"https:\/\/www.giessegi.com\/es\/giessegi-firma-la-equipacion-oficial-mythos-2023\/","title":{"rendered":"GIESSEGI firma la equipaci\u00f3n oficial Mythos 2023"},"content":{"rendered":"<p>\u00a1Tambi\u00e9n este a\u00f1o el maillot oficial de la tercera edici\u00f3n de Mythos Alpine Gravel!<\/p>\n<p>El mundo del gravel se ha convertido en una realidad consolidada para muchos cicloturistas.<\/p>\n<p>Para la creaci\u00f3n del maillot Mythos, la prenda est\u00e1 confeccionada en tejido Active-X, un hilo muy el\u00e1stico que se adapta bien a la anatom\u00eda del ciclista. Las mangas est\u00e1n confeccionadas en tejido biel\u00e1stico y confeccionadas con un corte crudo, c\u00f3modo y t\u00e9cnico. En la parte delantera, la cremallera est\u00e1 oculta y cuenta con un control deslizante de bloqueo autom\u00e1tico. En la parte trasera hay tres c\u00f3modos bolsillos, uno con agujero interior para optimizar el paso del cable de los auriculares. El extremo tejido est\u00e1 &#8220;siliconado&#8221; para una comodidad \u00f3ptima.<\/p>\n<p>Los shorts Mythos son en cambio el modelo Champion de GSG. Confeccionada en Lycra Compression, esta prenda est\u00e1 confeccionada con un tejido muy el\u00e1stico, pero a la vez con excelentes caracter\u00edsticas de compresi\u00f3n para mejorar el rendimiento tras muchas horas de actividad sobre el sill\u00edn. Para garantizar la m\u00e1xima comodidad, los tirantes de este pantal\u00f3n corto est\u00e1n hechos de malla de polipropileno en la parte posterior y el extremo de la pierna est\u00e1 provisto de una inserci\u00f3n de Lycra &#8220;silicona&#8221; con corte vivo. Pero el verdadero &#8220;plus&#8221; de estos pantalones cortos est\u00e1 representado por la badana Zenith, la parte superior de la gama GSG, meticulosamente desarrollada y probada por equipos profesionales para garantizar la protecci\u00f3n y el rendimiento de cualquier tipo de atleta. Gracias a una tecnolog\u00eda especial, la propia almohadilla absorbe muchas de las vibraciones provenientes de la bicicleta y el suelo.<\/p>\n<p>El atuendo se puede comprar en el sitio web oficial del evento.<\/p>\n<p>As\u00ed es el mono dise\u00f1ado por GSG para la Mythos Alpine Gravelie<\/p>\n<p>&nbsp;<\/p>\n<p><a href=\"https:\/\/www.giessegi.com\/wp-content\/uploads\/2023\/05\/Maglia-Mythos-fronte.jpg\"><img fetchpriority=\"high\" decoding=\"async\" class=\"alignnone size-medium wp-image-53749\" src=\"https:\/\/www.giessegi.com\/wp-content\/uploads\/2023\/05\/Maglia-Mythos-fronte-300x300.jpg\" alt=\"\" width=\"300\" height=\"300\" \/><\/a><a href=\"https:\/\/www.giessegi.com\/wp-content\/uploads\/2023\/05\/Maglia-Mythos-retro.jpg\"><img decoding=\"async\" class=\"alignnone size-medium wp-image-53752\" src=\"https:\/\/www.giessegi.com\/wp-content\/uploads\/2023\/05\/Maglia-Mythos-retro-300x300.jpg\" alt=\"\" width=\"300\" height=\"300\" \/><\/a><\/p>\n","protected":false},"excerpt":{"rendered":"<p>\u00a1Tambi\u00e9n este a\u00f1o el maillot oficial de la tercera edici\u00f3n de Mythos Alpine Gravel! El mundo del gravel se ha convertido en una realidad consolidada para muchos cicloturistas. Para la creaci\u00f3n del maillot Mythos, la prenda est\u00e1 confeccionada en tejido Active-X, un hilo muy el\u00e1stico que se adapta bien a la anatom\u00eda del ciclista. Las [&hellip;]<\/p>\n","protected":false},"author":89,"featured_media":53772,"comment_status":"closed","ping_status":"closed","sticky":false,"template":"","format":"standard","meta":{"footnotes":""},"categories":[521,523,519],"tags":[1659,1661,1949,1950,1749,1663,2466,1952,3804,2747],"class_list":["post-53774","post","type-post","status-publish","format-standard","has-post-thumbnail","hentry","category-eventos","category-giessegi-es","category-news-es","tag-2023-es","tag-challenge-your-limits-es","tag-ciclismo-es","tag-circuito-es","tag-giessegi-es","tag-granfondo-es","tag-gsgcyclingwear-es","tag-mtb-es","tag-mythos-es","tag-trentino-mtb-es"],"yoast_head":"<!-- This site is optimized with the Yoast SEO plugin v27.3 - https:\/\/yoast.com\/product\/yoast-seo-wordpress\/ -->\n<title>GIESSEGI firma la equipaci\u00f3n oficial Mythos 2023 | GSG - Giessegi<\/title>\n<meta name=\"robots\" content=\"index, follow, max-snippet:-1, max-image-preview:large, max-video-preview:-1\" \/>\n<link rel=\"canonical\" href=\"https:\/\/www.giessegi.com\/es\/giessegi-firma-la-equipacion-oficial-mythos-2023\/\" \/>\n<meta property=\"og:locale\" content=\"es_ES\" \/>\n<meta property=\"og:type\" content=\"article\" \/>\n<meta property=\"og:title\" content=\"GIESSEGI firma la equipaci\u00f3n oficial Mythos 2023 | GSG - Giessegi\" \/>\n<meta property=\"og:description\" content=\"\u00a1Tambi\u00e9n este a\u00f1o el maillot oficial de la tercera edici\u00f3n de Mythos Alpine Gravel! El mundo del gravel se ha convertido en una realidad consolidada para muchos cicloturistas. Para la creaci\u00f3n del maillot Mythos, la prenda est\u00e1 confeccionada en tejido Active-X, un hilo muy el\u00e1stico que se adapta bien a la anatom\u00eda del ciclista. Las [&hellip;]\" \/>\n<meta property=\"og:url\" content=\"https:\/\/www.giessegi.com\/es\/giessegi-firma-la-equipacion-oficial-mythos-2023\/\" \/>\n<meta property=\"og:site_name\" content=\"GSG - Giessegi\" \/>\n<meta property=\"article:published_time\" content=\"2023-05-04T14:23:17+00:00\" \/>\n<meta property=\"article:modified_time\" content=\"2023-05-04T14:24:12+00:00\" \/>\n<meta property=\"og:image\" content=\"https:\/\/www.giessegi.com\/wp-content\/uploads\/2023\/05\/Copertina-news-Mythos.jpg\" \/>\n\t<meta property=\"og:image:width\" content=\"1600\" \/>\n\t<meta property=\"og:image:height\" content=\"900\" \/>\n\t<meta property=\"og:image:type\" content=\"image\/jpeg\" \/>\n<meta name=\"author\" content=\"marketing@giessegi.com\" \/>\n<meta name=\"twitter:card\" content=\"summary_large_image\" \/>\n<meta name=\"twitter:label1\" content=\"Escrito por\" \/>\n\t<meta name=\"twitter:data1\" content=\"marketing@giessegi.com\" \/>\n\t<meta name=\"twitter:label2\" content=\"Tiempo de lectura\" \/>\n\t<meta name=\"twitter:data2\" content=\"2 minutos\" \/>\n<script type=\"application\/ld+json\" class=\"yoast-schema-graph\">{\"@context\":\"https:\\\/\\\/schema.org\",\"@graph\":[{\"@type\":\"Article\",\"@id\":\"https:\\\/\\\/www.giessegi.com\\\/es\\\/giessegi-firma-la-equipacion-oficial-mythos-2023\\\/#article\",\"isPartOf\":{\"@id\":\"https:\\\/\\\/www.giessegi.com\\\/es\\\/giessegi-firma-la-equipacion-oficial-mythos-2023\\\/\"},\"author\":{\"name\":\"marketing@giessegi.com\",\"@id\":\"https:\\\/\\\/www.giessegi.com\\\/en\\\/#\\\/schema\\\/person\\\/1a222edb0e1b0b6c6e72bee755e53c52\"},\"headline\":\"GIESSEGI firma la equipaci\u00f3n oficial Mythos 2023\",\"datePublished\":\"2023-05-04T14:23:17+00:00\",\"dateModified\":\"2023-05-04T14:24:12+00:00\",\"mainEntityOfPage\":{\"@id\":\"https:\\\/\\\/www.giessegi.com\\\/es\\\/giessegi-firma-la-equipacion-oficial-mythos-2023\\\/\"},\"wordCount\":315,\"publisher\":{\"@id\":\"https:\\\/\\\/www.giessegi.com\\\/en\\\/#organization\"},\"image\":{\"@id\":\"https:\\\/\\\/www.giessegi.com\\\/es\\\/giessegi-firma-la-equipacion-oficial-mythos-2023\\\/#primaryimage\"},\"thumbnailUrl\":\"https:\\\/\\\/www.giessegi.com\\\/wp-content\\\/uploads\\\/2023\\\/05\\\/Copertina-news-Mythos.jpg\",\"keywords\":[\"2023\",\"Challenge your limits\",\"ciclismo\",\"circuito\",\"giessegi\",\"Granfondo\",\"GSGCyclingWear\",\"mtb\",\"Mythos\",\"Trentino MTB\"],\"articleSection\":[\"Eventos\",\"Giessegi\",\"News\"],\"inLanguage\":\"es\"},{\"@type\":\"WebPage\",\"@id\":\"https:\\\/\\\/www.giessegi.com\\\/es\\\/giessegi-firma-la-equipacion-oficial-mythos-2023\\\/\",\"url\":\"https:\\\/\\\/www.giessegi.com\\\/es\\\/giessegi-firma-la-equipacion-oficial-mythos-2023\\\/\",\"name\":\"GIESSEGI firma la equipaci\u00f3n oficial Mythos 2023 | GSG - Giessegi\",\"isPartOf\":{\"@id\":\"https:\\\/\\\/www.giessegi.com\\\/en\\\/#website\"},\"primaryImageOfPage\":{\"@id\":\"https:\\\/\\\/www.giessegi.com\\\/es\\\/giessegi-firma-la-equipacion-oficial-mythos-2023\\\/#primaryimage\"},\"image\":{\"@id\":\"https:\\\/\\\/www.giessegi.com\\\/es\\\/giessegi-firma-la-equipacion-oficial-mythos-2023\\\/#primaryimage\"},\"thumbnailUrl\":\"https:\\\/\\\/www.giessegi.com\\\/wp-content\\\/uploads\\\/2023\\\/05\\\/Copertina-news-Mythos.jpg\",\"datePublished\":\"2023-05-04T14:23:17+00:00\",\"dateModified\":\"2023-05-04T14:24:12+00:00\",\"breadcrumb\":{\"@id\":\"https:\\\/\\\/www.giessegi.com\\\/es\\\/giessegi-firma-la-equipacion-oficial-mythos-2023\\\/#breadcrumb\"},\"inLanguage\":\"es\",\"potentialAction\":[{\"@type\":\"ReadAction\",\"target\":[\"https:\\\/\\\/www.giessegi.com\\\/es\\\/giessegi-firma-la-equipacion-oficial-mythos-2023\\\/\"]}]},{\"@type\":\"ImageObject\",\"inLanguage\":\"es\",\"@id\":\"https:\\\/\\\/www.giessegi.com\\\/es\\\/giessegi-firma-la-equipacion-oficial-mythos-2023\\\/#primaryimage\",\"url\":\"https:\\\/\\\/www.giessegi.com\\\/wp-content\\\/uploads\\\/2023\\\/05\\\/Copertina-news-Mythos.jpg\",\"contentUrl\":\"https:\\\/\\\/www.giessegi.com\\\/wp-content\\\/uploads\\\/2023\\\/05\\\/Copertina-news-Mythos.jpg\",\"width\":1600,\"height\":900},{\"@type\":\"BreadcrumbList\",\"@id\":\"https:\\\/\\\/www.giessegi.com\\\/es\\\/giessegi-firma-la-equipacion-oficial-mythos-2023\\\/#breadcrumb\",\"itemListElement\":[{\"@type\":\"ListItem\",\"position\":1,\"name\":\"Home\",\"item\":\"https:\\\/\\\/www.giessegi.com\\\/\"},{\"@type\":\"ListItem\",\"position\":2,\"name\":\"GIESSEGI firma la equipaci\u00f3n oficial Mythos 2023\"}]},{\"@type\":\"WebSite\",\"@id\":\"https:\\\/\\\/www.giessegi.com\\\/en\\\/#website\",\"url\":\"https:\\\/\\\/www.giessegi.com\\\/en\\\/\",\"name\":\"Giessegi\",\"description\":\"\",\"publisher\":{\"@id\":\"https:\\\/\\\/www.giessegi.com\\\/en\\\/#organization\"},\"potentialAction\":[{\"@type\":\"SearchAction\",\"target\":{\"@type\":\"EntryPoint\",\"urlTemplate\":\"https:\\\/\\\/www.giessegi.com\\\/en\\\/?s={search_term_string}\"},\"query-input\":{\"@type\":\"PropertyValueSpecification\",\"valueRequired\":true,\"valueName\":\"search_term_string\"}}],\"inLanguage\":\"es\"},{\"@type\":\"Organization\",\"@id\":\"https:\\\/\\\/www.giessegi.com\\\/en\\\/#organization\",\"name\":\"Giessegi\",\"url\":\"https:\\\/\\\/www.giessegi.com\\\/en\\\/\",\"logo\":{\"@type\":\"ImageObject\",\"inLanguage\":\"es\",\"@id\":\"https:\\\/\\\/www.giessegi.com\\\/en\\\/#\\\/schema\\\/logo\\\/image\\\/\",\"url\":\"https:\\\/\\\/www.giessegi.com\\\/wp-content\\\/uploads\\\/2022\\\/09\\\/giessegi-logo.jpeg\",\"contentUrl\":\"https:\\\/\\\/www.giessegi.com\\\/wp-content\\\/uploads\\\/2022\\\/09\\\/giessegi-logo.jpeg\",\"width\":175,\"height\":77,\"caption\":\"Giessegi\"},\"image\":{\"@id\":\"https:\\\/\\\/www.giessegi.com\\\/en\\\/#\\\/schema\\\/logo\\\/image\\\/\"}},{\"@type\":\"Person\",\"@id\":\"https:\\\/\\\/www.giessegi.com\\\/en\\\/#\\\/schema\\\/person\\\/1a222edb0e1b0b6c6e72bee755e53c52\",\"name\":\"marketing@giessegi.com\",\"image\":{\"@type\":\"ImageObject\",\"inLanguage\":\"es\",\"@id\":\"https:\\\/\\\/secure.gravatar.com\\\/avatar\\\/8e6071aa2f5c6ca84df5a7108f50fe7cddcfb0e259380eada404c95f63bffe60?s=96&d=mm&r=g\",\"url\":\"https:\\\/\\\/secure.gravatar.com\\\/avatar\\\/8e6071aa2f5c6ca84df5a7108f50fe7cddcfb0e259380eada404c95f63bffe60?s=96&d=mm&r=g\",\"contentUrl\":\"https:\\\/\\\/secure.gravatar.com\\\/avatar\\\/8e6071aa2f5c6ca84df5a7108f50fe7cddcfb0e259380eada404c95f63bffe60?s=96&d=mm&r=g\",\"caption\":\"marketing@giessegi.com\"}}]}<\/script>\n<!-- \/ Yoast SEO plugin. -->","yoast_head_json":{"title":"GIESSEGI firma la equipaci\u00f3n oficial Mythos 2023 | GSG - Giessegi","robots":{"index":"index","follow":"follow","max-snippet":"max-snippet:-1","max-image-preview":"max-image-preview:large","max-video-preview":"max-video-preview:-1"},"canonical":"https:\/\/www.giessegi.com\/es\/giessegi-firma-la-equipacion-oficial-mythos-2023\/","og_locale":"es_ES","og_type":"article","og_title":"GIESSEGI firma la equipaci\u00f3n oficial Mythos 2023 | GSG - Giessegi","og_description":"\u00a1Tambi\u00e9n este a\u00f1o el maillot oficial de la tercera edici\u00f3n de Mythos Alpine Gravel! El mundo del gravel se ha convertido en una realidad consolidada para muchos cicloturistas. Para la creaci\u00f3n del maillot Mythos, la prenda est\u00e1 confeccionada en tejido Active-X, un hilo muy el\u00e1stico que se adapta bien a la anatom\u00eda del ciclista. Las [&hellip;]","og_url":"https:\/\/www.giessegi.com\/es\/giessegi-firma-la-equipacion-oficial-mythos-2023\/","og_site_name":"GSG - Giessegi","article_published_time":"2023-05-04T14:23:17+00:00","article_modified_time":"2023-05-04T14:24:12+00:00","og_image":[{"width":1600,"height":900,"url":"https:\/\/www.giessegi.com\/wp-content\/uploads\/2023\/05\/Copertina-news-Mythos.jpg","type":"image\/jpeg"}],"author":"marketing@giessegi.com","twitter_card":"summary_large_image","twitter_misc":{"Escrito por":"marketing@giessegi.com","Tiempo de lectura":"2 minutos"},"schema":{"@context":"https:\/\/schema.org","@graph":[{"@type":"Article","@id":"https:\/\/www.giessegi.com\/es\/giessegi-firma-la-equipacion-oficial-mythos-2023\/#article","isPartOf":{"@id":"https:\/\/www.giessegi.com\/es\/giessegi-firma-la-equipacion-oficial-mythos-2023\/"},"author":{"name":"marketing@giessegi.com","@id":"https:\/\/www.giessegi.com\/en\/#\/schema\/person\/1a222edb0e1b0b6c6e72bee755e53c52"},"headline":"GIESSEGI firma la equipaci\u00f3n oficial Mythos 2023","datePublished":"2023-05-04T14:23:17+00:00","dateModified":"2023-05-04T14:24:12+00:00","mainEntityOfPage":{"@id":"https:\/\/www.giessegi.com\/es\/giessegi-firma-la-equipacion-oficial-mythos-2023\/"},"wordCount":315,"publisher":{"@id":"https:\/\/www.giessegi.com\/en\/#organization"},"image":{"@id":"https:\/\/www.giessegi.com\/es\/giessegi-firma-la-equipacion-oficial-mythos-2023\/#primaryimage"},"thumbnailUrl":"https:\/\/www.giessegi.com\/wp-content\/uploads\/2023\/05\/Copertina-news-Mythos.jpg","keywords":["2023","Challenge your limits","ciclismo","circuito","giessegi","Granfondo","GSGCyclingWear","mtb","Mythos","Trentino MTB"],"articleSection":["Eventos","Giessegi","News"],"inLanguage":"es"},{"@type":"WebPage","@id":"https:\/\/www.giessegi.com\/es\/giessegi-firma-la-equipacion-oficial-mythos-2023\/","url":"https:\/\/www.giessegi.com\/es\/giessegi-firma-la-equipacion-oficial-mythos-2023\/","name":"GIESSEGI firma la equipaci\u00f3n oficial Mythos 2023 | GSG - Giessegi","isPartOf":{"@id":"https:\/\/www.giessegi.com\/en\/#website"},"primaryImageOfPage":{"@id":"https:\/\/www.giessegi.com\/es\/giessegi-firma-la-equipacion-oficial-mythos-2023\/#primaryimage"},"image":{"@id":"https:\/\/www.giessegi.com\/es\/giessegi-firma-la-equipacion-oficial-mythos-2023\/#primaryimage"},"thumbnailUrl":"https:\/\/www.giessegi.com\/wp-content\/uploads\/2023\/05\/Copertina-news-Mythos.jpg","datePublished":"2023-05-04T14:23:17+00:00","dateModified":"2023-05-04T14:24:12+00:00","breadcrumb":{"@id":"https:\/\/www.giessegi.com\/es\/giessegi-firma-la-equipacion-oficial-mythos-2023\/#breadcrumb"},"inLanguage":"es","potentialAction":[{"@type":"ReadAction","target":["https:\/\/www.giessegi.com\/es\/giessegi-firma-la-equipacion-oficial-mythos-2023\/"]}]},{"@type":"ImageObject","inLanguage":"es","@id":"https:\/\/www.giessegi.com\/es\/giessegi-firma-la-equipacion-oficial-mythos-2023\/#primaryimage","url":"https:\/\/www.giessegi.com\/wp-content\/uploads\/2023\/05\/Copertina-news-Mythos.jpg","contentUrl":"https:\/\/www.giessegi.com\/wp-content\/uploads\/2023\/05\/Copertina-news-Mythos.jpg","width":1600,"height":900},{"@type":"BreadcrumbList","@id":"https:\/\/www.giessegi.com\/es\/giessegi-firma-la-equipacion-oficial-mythos-2023\/#breadcrumb","itemListElement":[{"@type":"ListItem","position":1,"name":"Home","item":"https:\/\/www.giessegi.com\/"},{"@type":"ListItem","position":2,"name":"GIESSEGI firma la equipaci\u00f3n oficial Mythos 2023"}]},{"@type":"WebSite","@id":"https:\/\/www.giessegi.com\/en\/#website","url":"https:\/\/www.giessegi.com\/en\/","name":"Giessegi","description":"","publisher":{"@id":"https:\/\/www.giessegi.com\/en\/#organization"},"potentialAction":[{"@type":"SearchAction","target":{"@type":"EntryPoint","urlTemplate":"https:\/\/www.giessegi.com\/en\/?s={search_term_string}"},"query-input":{"@type":"PropertyValueSpecification","valueRequired":true,"valueName":"search_term_string"}}],"inLanguage":"es"},{"@type":"Organization","@id":"https:\/\/www.giessegi.com\/en\/#organization","name":"Giessegi","url":"https:\/\/www.giessegi.com\/en\/","logo":{"@type":"ImageObject","inLanguage":"es","@id":"https:\/\/www.giessegi.com\/en\/#\/schema\/logo\/image\/","url":"https:\/\/www.giessegi.com\/wp-content\/uploads\/2022\/09\/giessegi-logo.jpeg","contentUrl":"https:\/\/www.giessegi.com\/wp-content\/uploads\/2022\/09\/giessegi-logo.jpeg","width":175,"height":77,"caption":"Giessegi"},"image":{"@id":"https:\/\/www.giessegi.com\/en\/#\/schema\/logo\/image\/"}},{"@type":"Person","@id":"https:\/\/www.giessegi.com\/en\/#\/schema\/person\/1a222edb0e1b0b6c6e72bee755e53c52","name":"marketing@giessegi.com","image":{"@type":"ImageObject","inLanguage":"es","@id":"https:\/\/secure.gravatar.com\/avatar\/8e6071aa2f5c6ca84df5a7108f50fe7cddcfb0e259380eada404c95f63bffe60?s=96&d=mm&r=g","url":"https:\/\/secure.gravatar.com\/avatar\/8e6071aa2f5c6ca84df5a7108f50fe7cddcfb0e259380eada404c95f63bffe60?s=96&d=mm&r=g","contentUrl":"https:\/\/secure.gravatar.com\/avatar\/8e6071aa2f5c6ca84df5a7108f50fe7cddcfb0e259380eada404c95f63bffe60?s=96&d=mm&r=g","caption":"marketing@giessegi.com"}}]}},"_links":{"self":[{"href":"https:\/\/www.giessegi.com\/es\/wp-json\/wp\/v2\/posts\/53774","targetHints":{"allow":["GET"]}}],"collection":[{"href":"https:\/\/www.giessegi.com\/es\/wp-json\/wp\/v2\/posts"}],"about":[{"href":"https:\/\/www.giessegi.com\/es\/wp-json\/wp\/v2\/types\/post"}],"author":[{"embeddable":true,"href":"https:\/\/www.giessegi.com\/es\/wp-json\/wp\/v2\/users\/89"}],"replies":[{"embeddable":true,"href":"https:\/\/www.giessegi.com\/es\/wp-json\/wp\/v2\/comments?post=53774"}],"version-history":[{"count":2,"href":"https:\/\/www.giessegi.com\/es\/wp-json\/wp\/v2\/posts\/53774\/revisions"}],"predecessor-version":[{"id":53779,"href":"https:\/\/www.giessegi.com\/es\/wp-json\/wp\/v2\/posts\/53774\/revisions\/53779"}],"wp:featuredmedia":[{"embeddable":true,"href":"https:\/\/www.giessegi.com\/es\/wp-json\/wp\/v2\/media\/53772"}],"wp:attachment":[{"href":"https:\/\/www.giessegi.com\/es\/wp-json\/wp\/v2\/media?parent=53774"}],"wp:term":[{"taxonomy":"category","embeddable":true,"href":"https:\/\/www.giessegi.com\/es\/wp-json\/wp\/v2\/categories?post=53774"},{"taxonomy":"post_tag","embeddable":true,"href":"https:\/\/www.giessegi.com\/es\/wp-json\/wp\/v2\/tags?post=53774"}],"curies":[{"name":"wp","href":"https:\/\/api.w.org\/{rel}","templated":true}]}}