{"id":40340,"date":"2022-09-06T10:17:41","date_gmt":"2022-09-06T08:17:41","guid":{"rendered":"https:\/\/www.giessegi.com\/gsg-sara-presente-allitalian-bike-festival-e-tu-ci-sarai\/"},"modified":"2022-11-07T10:21:17","modified_gmt":"2022-11-07T09:21:17","slug":"gsg-sara-presente-allitalian-bike-festival-e-tu-ci-sarai","status":"publish","type":"post","link":"https:\/\/www.giessegi.com\/es\/gsg-sara-presente-allitalian-bike-festival-e-tu-ci-sarai\/","title":{"rendered":"GSG ESTAR\u00c1 PRESENTE \u00a1EN EL FESTIVAL ITALIANO DE LA BICICLETA! \u00bfY USTED ESTAR\u00c1 ALL\u00cd?"},"content":{"rendered":"\n<p>Con motivo del Festival Italiano de la Bicicleta<br>9-10 -11 septiembre Misano Adri\u00e1tico<\/p>\n\n\n\n<p>GSG te invita a la presentaci\u00f3n de la Colecci\u00f3n Primavera Verano 2023<\/p>\n\n\n\n<p>GSG tambi\u00e9n ha creado una promoci\u00f3n especial para todos sus clientes.<br>En particular, para los Equipos y Agrupaciones Deportivas que vengan a visitar nuestro stand, recibir\u00e1n un bonito gadget de recuerdo del evento y un cup\u00f3n v\u00e1lido para un 10% de descuento en un pedido de ropa personalizada.<\/p>\n\n\n\n<p>No pierdas la oportunidad, ven a visitarnos, te estamos esperando.<\/p>\n","protected":false},"excerpt":{"rendered":"<p>Con motivo del Festival Italiano de la Bicicleta9-10 -11 septiembre Misano Adri\u00e1tico GSG te invita a la presentaci\u00f3n de la Colecci\u00f3n Primavera Verano 2023 GSG tambi\u00e9n ha creado una promoci\u00f3n especial para todos sus clientes.En particular, para los Equipos y Agrupaciones Deportivas que vengan a visitar nuestro stand, recibir\u00e1n un bonito gadget de recuerdo del [&hellip;]<\/p>\n","protected":false},"author":1,"featured_media":36534,"comment_status":"closed","ping_status":"closed","sticky":false,"template":"","format":"standard","meta":{"footnotes":""},"categories":[521,523,519],"tags":[],"class_list":["post-40340","post","type-post","status-publish","format-standard","has-post-thumbnail","hentry","category-eventos","category-giessegi-es","category-news-es"],"yoast_head":"<!-- This site is optimized with the Yoast SEO plugin v27.3 - https:\/\/yoast.com\/product\/yoast-seo-wordpress\/ -->\n<title>GSG ESTAR\u00c1 PRESENTE \u00a1EN EL FESTIVAL ITALIANO DE LA BICICLETA! \u00bfY USTED ESTAR\u00c1 ALL\u00cd? | GSG - Giessegi<\/title>\n<meta name=\"robots\" content=\"index, follow, max-snippet:-1, max-image-preview:large, max-video-preview:-1\" \/>\n<link rel=\"canonical\" href=\"https:\/\/www.giessegi.com\/es\/gsg-sara-presente-allitalian-bike-festival-e-tu-ci-sarai\/\" \/>\n<meta property=\"og:locale\" content=\"es_ES\" \/>\n<meta property=\"og:type\" content=\"article\" \/>\n<meta property=\"og:title\" content=\"GSG ESTAR\u00c1 PRESENTE \u00a1EN EL FESTIVAL ITALIANO DE LA BICICLETA! \u00bfY USTED ESTAR\u00c1 ALL\u00cd? | GSG - Giessegi\" \/>\n<meta property=\"og:description\" content=\"Con motivo del Festival Italiano de la Bicicleta9-10 -11 septiembre Misano Adri\u00e1tico GSG te invita a la presentaci\u00f3n de la Colecci\u00f3n Primavera Verano 2023 GSG tambi\u00e9n ha creado una promoci\u00f3n especial para todos sus clientes.En particular, para los Equipos y Agrupaciones Deportivas que vengan a visitar nuestro stand, recibir\u00e1n un bonito gadget de recuerdo del [&hellip;]\" \/>\n<meta property=\"og:url\" content=\"https:\/\/www.giessegi.com\/es\/gsg-sara-presente-allitalian-bike-festival-e-tu-ci-sarai\/\" \/>\n<meta property=\"og:site_name\" content=\"GSG - Giessegi\" \/>\n<meta property=\"article:published_time\" content=\"2022-09-06T08:17:41+00:00\" \/>\n<meta property=\"article:modified_time\" content=\"2022-11-07T09:21:17+00:00\" \/>\n<meta property=\"og:image\" content=\"https:\/\/www.giessegi.com\/wp-content\/uploads\/2022\/09\/news2.jpeg\" \/>\n\t<meta property=\"og:image:width\" content=\"900\" \/>\n\t<meta property=\"og:image:height\" content=\"520\" \/>\n\t<meta property=\"og:image:type\" content=\"image\/jpeg\" \/>\n<meta name=\"author\" content=\"giessegi_masterkey\" \/>\n<meta name=\"twitter:card\" content=\"summary_large_image\" \/>\n<meta name=\"twitter:label1\" content=\"Escrito por\" \/>\n\t<meta name=\"twitter:data1\" content=\"giessegi_masterkey\" \/>\n\t<meta name=\"twitter:label2\" content=\"Tiempo de lectura\" \/>\n\t<meta name=\"twitter:data2\" content=\"1 minuto\" \/>\n<script type=\"application\/ld+json\" class=\"yoast-schema-graph\">{\"@context\":\"https:\\\/\\\/schema.org\",\"@graph\":[{\"@type\":\"Article\",\"@id\":\"https:\\\/\\\/www.giessegi.com\\\/es\\\/gsg-sara-presente-allitalian-bike-festival-e-tu-ci-sarai\\\/#article\",\"isPartOf\":{\"@id\":\"https:\\\/\\\/www.giessegi.com\\\/es\\\/gsg-sara-presente-allitalian-bike-festival-e-tu-ci-sarai\\\/\"},\"author\":{\"name\":\"giessegi_masterkey\",\"@id\":\"https:\\\/\\\/www.giessegi.com\\\/en\\\/#\\\/schema\\\/person\\\/0160968f9508ad6b129b6f59b86ab562\"},\"headline\":\"GSG ESTAR\u00c1 PRESENTE \u00a1EN EL FESTIVAL ITALIANO DE LA BICICLETA! \u00bfY USTED ESTAR\u00c1 ALL\u00cd?\",\"datePublished\":\"2022-09-06T08:17:41+00:00\",\"dateModified\":\"2022-11-07T09:21:17+00:00\",\"mainEntityOfPage\":{\"@id\":\"https:\\\/\\\/www.giessegi.com\\\/es\\\/gsg-sara-presente-allitalian-bike-festival-e-tu-ci-sarai\\\/\"},\"wordCount\":103,\"publisher\":{\"@id\":\"https:\\\/\\\/www.giessegi.com\\\/en\\\/#organization\"},\"image\":{\"@id\":\"https:\\\/\\\/www.giessegi.com\\\/es\\\/gsg-sara-presente-allitalian-bike-festival-e-tu-ci-sarai\\\/#primaryimage\"},\"thumbnailUrl\":\"https:\\\/\\\/www.giessegi.com\\\/wp-content\\\/uploads\\\/2022\\\/09\\\/news2.jpeg\",\"articleSection\":[\"Eventos\",\"Giessegi\",\"News\"],\"inLanguage\":\"es\"},{\"@type\":\"WebPage\",\"@id\":\"https:\\\/\\\/www.giessegi.com\\\/es\\\/gsg-sara-presente-allitalian-bike-festival-e-tu-ci-sarai\\\/\",\"url\":\"https:\\\/\\\/www.giessegi.com\\\/es\\\/gsg-sara-presente-allitalian-bike-festival-e-tu-ci-sarai\\\/\",\"name\":\"GSG ESTAR\u00c1 PRESENTE \u00a1EN EL FESTIVAL ITALIANO DE LA BICICLETA! \u00bfY USTED ESTAR\u00c1 ALL\u00cd? | GSG - Giessegi\",\"isPartOf\":{\"@id\":\"https:\\\/\\\/www.giessegi.com\\\/en\\\/#website\"},\"primaryImageOfPage\":{\"@id\":\"https:\\\/\\\/www.giessegi.com\\\/es\\\/gsg-sara-presente-allitalian-bike-festival-e-tu-ci-sarai\\\/#primaryimage\"},\"image\":{\"@id\":\"https:\\\/\\\/www.giessegi.com\\\/es\\\/gsg-sara-presente-allitalian-bike-festival-e-tu-ci-sarai\\\/#primaryimage\"},\"thumbnailUrl\":\"https:\\\/\\\/www.giessegi.com\\\/wp-content\\\/uploads\\\/2022\\\/09\\\/news2.jpeg\",\"datePublished\":\"2022-09-06T08:17:41+00:00\",\"dateModified\":\"2022-11-07T09:21:17+00:00\",\"breadcrumb\":{\"@id\":\"https:\\\/\\\/www.giessegi.com\\\/es\\\/gsg-sara-presente-allitalian-bike-festival-e-tu-ci-sarai\\\/#breadcrumb\"},\"inLanguage\":\"es\",\"potentialAction\":[{\"@type\":\"ReadAction\",\"target\":[\"https:\\\/\\\/www.giessegi.com\\\/es\\\/gsg-sara-presente-allitalian-bike-festival-e-tu-ci-sarai\\\/\"]}]},{\"@type\":\"ImageObject\",\"inLanguage\":\"es\",\"@id\":\"https:\\\/\\\/www.giessegi.com\\\/es\\\/gsg-sara-presente-allitalian-bike-festival-e-tu-ci-sarai\\\/#primaryimage\",\"url\":\"https:\\\/\\\/www.giessegi.com\\\/wp-content\\\/uploads\\\/2022\\\/09\\\/news2.jpeg\",\"contentUrl\":\"https:\\\/\\\/www.giessegi.com\\\/wp-content\\\/uploads\\\/2022\\\/09\\\/news2.jpeg\",\"width\":900,\"height\":520},{\"@type\":\"BreadcrumbList\",\"@id\":\"https:\\\/\\\/www.giessegi.com\\\/es\\\/gsg-sara-presente-allitalian-bike-festival-e-tu-ci-sarai\\\/#breadcrumb\",\"itemListElement\":[{\"@type\":\"ListItem\",\"position\":1,\"name\":\"Home\",\"item\":\"https:\\\/\\\/www.giessegi.com\\\/\"},{\"@type\":\"ListItem\",\"position\":2,\"name\":\"GSG ESTAR\u00c1 PRESENTE \u00a1EN EL FESTIVAL ITALIANO DE LA BICICLETA! \u00bfY USTED ESTAR\u00c1 ALL\u00cd?\"}]},{\"@type\":\"WebSite\",\"@id\":\"https:\\\/\\\/www.giessegi.com\\\/en\\\/#website\",\"url\":\"https:\\\/\\\/www.giessegi.com\\\/en\\\/\",\"name\":\"Giessegi\",\"description\":\"\",\"publisher\":{\"@id\":\"https:\\\/\\\/www.giessegi.com\\\/en\\\/#organization\"},\"potentialAction\":[{\"@type\":\"SearchAction\",\"target\":{\"@type\":\"EntryPoint\",\"urlTemplate\":\"https:\\\/\\\/www.giessegi.com\\\/en\\\/?s={search_term_string}\"},\"query-input\":{\"@type\":\"PropertyValueSpecification\",\"valueRequired\":true,\"valueName\":\"search_term_string\"}}],\"inLanguage\":\"es\"},{\"@type\":\"Organization\",\"@id\":\"https:\\\/\\\/www.giessegi.com\\\/en\\\/#organization\",\"name\":\"Giessegi\",\"url\":\"https:\\\/\\\/www.giessegi.com\\\/en\\\/\",\"logo\":{\"@type\":\"ImageObject\",\"inLanguage\":\"es\",\"@id\":\"https:\\\/\\\/www.giessegi.com\\\/en\\\/#\\\/schema\\\/logo\\\/image\\\/\",\"url\":\"https:\\\/\\\/www.giessegi.com\\\/wp-content\\\/uploads\\\/2022\\\/09\\\/giessegi-logo.jpeg\",\"contentUrl\":\"https:\\\/\\\/www.giessegi.com\\\/wp-content\\\/uploads\\\/2022\\\/09\\\/giessegi-logo.jpeg\",\"width\":175,\"height\":77,\"caption\":\"Giessegi\"},\"image\":{\"@id\":\"https:\\\/\\\/www.giessegi.com\\\/en\\\/#\\\/schema\\\/logo\\\/image\\\/\"}},{\"@type\":\"Person\",\"@id\":\"https:\\\/\\\/www.giessegi.com\\\/en\\\/#\\\/schema\\\/person\\\/0160968f9508ad6b129b6f59b86ab562\",\"name\":\"giessegi_masterkey\",\"image\":{\"@type\":\"ImageObject\",\"inLanguage\":\"es\",\"@id\":\"https:\\\/\\\/secure.gravatar.com\\\/avatar\\\/9e62c6ff1d460dbc000be0cd95e92f6ed26155db09b4d3fbb9492bcd3df2bb75?s=96&d=mm&r=g\",\"url\":\"https:\\\/\\\/secure.gravatar.com\\\/avatar\\\/9e62c6ff1d460dbc000be0cd95e92f6ed26155db09b4d3fbb9492bcd3df2bb75?s=96&d=mm&r=g\",\"contentUrl\":\"https:\\\/\\\/secure.gravatar.com\\\/avatar\\\/9e62c6ff1d460dbc000be0cd95e92f6ed26155db09b4d3fbb9492bcd3df2bb75?s=96&d=mm&r=g\",\"caption\":\"giessegi_masterkey\"},\"sameAs\":[\"https:\\\/\\\/www.giessegi.com\"]}]}<\/script>\n<!-- \/ Yoast SEO plugin. -->","yoast_head_json":{"title":"GSG ESTAR\u00c1 PRESENTE \u00a1EN EL FESTIVAL ITALIANO DE LA BICICLETA! \u00bfY USTED ESTAR\u00c1 ALL\u00cd? | GSG - Giessegi","robots":{"index":"index","follow":"follow","max-snippet":"max-snippet:-1","max-image-preview":"max-image-preview:large","max-video-preview":"max-video-preview:-1"},"canonical":"https:\/\/www.giessegi.com\/es\/gsg-sara-presente-allitalian-bike-festival-e-tu-ci-sarai\/","og_locale":"es_ES","og_type":"article","og_title":"GSG ESTAR\u00c1 PRESENTE \u00a1EN EL FESTIVAL ITALIANO DE LA BICICLETA! \u00bfY USTED ESTAR\u00c1 ALL\u00cd? | GSG - Giessegi","og_description":"Con motivo del Festival Italiano de la Bicicleta9-10 -11 septiembre Misano Adri\u00e1tico GSG te invita a la presentaci\u00f3n de la Colecci\u00f3n Primavera Verano 2023 GSG tambi\u00e9n ha creado una promoci\u00f3n especial para todos sus clientes.En particular, para los Equipos y Agrupaciones Deportivas que vengan a visitar nuestro stand, recibir\u00e1n un bonito gadget de recuerdo del [&hellip;]","og_url":"https:\/\/www.giessegi.com\/es\/gsg-sara-presente-allitalian-bike-festival-e-tu-ci-sarai\/","og_site_name":"GSG - Giessegi","article_published_time":"2022-09-06T08:17:41+00:00","article_modified_time":"2022-11-07T09:21:17+00:00","og_image":[{"width":900,"height":520,"url":"https:\/\/www.giessegi.com\/wp-content\/uploads\/2022\/09\/news2.jpeg","type":"image\/jpeg"}],"author":"giessegi_masterkey","twitter_card":"summary_large_image","twitter_misc":{"Escrito por":"giessegi_masterkey","Tiempo de lectura":"1 minuto"},"schema":{"@context":"https:\/\/schema.org","@graph":[{"@type":"Article","@id":"https:\/\/www.giessegi.com\/es\/gsg-sara-presente-allitalian-bike-festival-e-tu-ci-sarai\/#article","isPartOf":{"@id":"https:\/\/www.giessegi.com\/es\/gsg-sara-presente-allitalian-bike-festival-e-tu-ci-sarai\/"},"author":{"name":"giessegi_masterkey","@id":"https:\/\/www.giessegi.com\/en\/#\/schema\/person\/0160968f9508ad6b129b6f59b86ab562"},"headline":"GSG ESTAR\u00c1 PRESENTE \u00a1EN EL FESTIVAL ITALIANO DE LA BICICLETA! \u00bfY USTED ESTAR\u00c1 ALL\u00cd?","datePublished":"2022-09-06T08:17:41+00:00","dateModified":"2022-11-07T09:21:17+00:00","mainEntityOfPage":{"@id":"https:\/\/www.giessegi.com\/es\/gsg-sara-presente-allitalian-bike-festival-e-tu-ci-sarai\/"},"wordCount":103,"publisher":{"@id":"https:\/\/www.giessegi.com\/en\/#organization"},"image":{"@id":"https:\/\/www.giessegi.com\/es\/gsg-sara-presente-allitalian-bike-festival-e-tu-ci-sarai\/#primaryimage"},"thumbnailUrl":"https:\/\/www.giessegi.com\/wp-content\/uploads\/2022\/09\/news2.jpeg","articleSection":["Eventos","Giessegi","News"],"inLanguage":"es"},{"@type":"WebPage","@id":"https:\/\/www.giessegi.com\/es\/gsg-sara-presente-allitalian-bike-festival-e-tu-ci-sarai\/","url":"https:\/\/www.giessegi.com\/es\/gsg-sara-presente-allitalian-bike-festival-e-tu-ci-sarai\/","name":"GSG ESTAR\u00c1 PRESENTE \u00a1EN EL FESTIVAL ITALIANO DE LA BICICLETA! \u00bfY USTED ESTAR\u00c1 ALL\u00cd? | GSG - Giessegi","isPartOf":{"@id":"https:\/\/www.giessegi.com\/en\/#website"},"primaryImageOfPage":{"@id":"https:\/\/www.giessegi.com\/es\/gsg-sara-presente-allitalian-bike-festival-e-tu-ci-sarai\/#primaryimage"},"image":{"@id":"https:\/\/www.giessegi.com\/es\/gsg-sara-presente-allitalian-bike-festival-e-tu-ci-sarai\/#primaryimage"},"thumbnailUrl":"https:\/\/www.giessegi.com\/wp-content\/uploads\/2022\/09\/news2.jpeg","datePublished":"2022-09-06T08:17:41+00:00","dateModified":"2022-11-07T09:21:17+00:00","breadcrumb":{"@id":"https:\/\/www.giessegi.com\/es\/gsg-sara-presente-allitalian-bike-festival-e-tu-ci-sarai\/#breadcrumb"},"inLanguage":"es","potentialAction":[{"@type":"ReadAction","target":["https:\/\/www.giessegi.com\/es\/gsg-sara-presente-allitalian-bike-festival-e-tu-ci-sarai\/"]}]},{"@type":"ImageObject","inLanguage":"es","@id":"https:\/\/www.giessegi.com\/es\/gsg-sara-presente-allitalian-bike-festival-e-tu-ci-sarai\/#primaryimage","url":"https:\/\/www.giessegi.com\/wp-content\/uploads\/2022\/09\/news2.jpeg","contentUrl":"https:\/\/www.giessegi.com\/wp-content\/uploads\/2022\/09\/news2.jpeg","width":900,"height":520},{"@type":"BreadcrumbList","@id":"https:\/\/www.giessegi.com\/es\/gsg-sara-presente-allitalian-bike-festival-e-tu-ci-sarai\/#breadcrumb","itemListElement":[{"@type":"ListItem","position":1,"name":"Home","item":"https:\/\/www.giessegi.com\/"},{"@type":"ListItem","position":2,"name":"GSG ESTAR\u00c1 PRESENTE \u00a1EN EL FESTIVAL ITALIANO DE LA BICICLETA! \u00bfY USTED ESTAR\u00c1 ALL\u00cd?"}]},{"@type":"WebSite","@id":"https:\/\/www.giessegi.com\/en\/#website","url":"https:\/\/www.giessegi.com\/en\/","name":"Giessegi","description":"","publisher":{"@id":"https:\/\/www.giessegi.com\/en\/#organization"},"potentialAction":[{"@type":"SearchAction","target":{"@type":"EntryPoint","urlTemplate":"https:\/\/www.giessegi.com\/en\/?s={search_term_string}"},"query-input":{"@type":"PropertyValueSpecification","valueRequired":true,"valueName":"search_term_string"}}],"inLanguage":"es"},{"@type":"Organization","@id":"https:\/\/www.giessegi.com\/en\/#organization","name":"Giessegi","url":"https:\/\/www.giessegi.com\/en\/","logo":{"@type":"ImageObject","inLanguage":"es","@id":"https:\/\/www.giessegi.com\/en\/#\/schema\/logo\/image\/","url":"https:\/\/www.giessegi.com\/wp-content\/uploads\/2022\/09\/giessegi-logo.jpeg","contentUrl":"https:\/\/www.giessegi.com\/wp-content\/uploads\/2022\/09\/giessegi-logo.jpeg","width":175,"height":77,"caption":"Giessegi"},"image":{"@id":"https:\/\/www.giessegi.com\/en\/#\/schema\/logo\/image\/"}},{"@type":"Person","@id":"https:\/\/www.giessegi.com\/en\/#\/schema\/person\/0160968f9508ad6b129b6f59b86ab562","name":"giessegi_masterkey","image":{"@type":"ImageObject","inLanguage":"es","@id":"https:\/\/secure.gravatar.com\/avatar\/9e62c6ff1d460dbc000be0cd95e92f6ed26155db09b4d3fbb9492bcd3df2bb75?s=96&d=mm&r=g","url":"https:\/\/secure.gravatar.com\/avatar\/9e62c6ff1d460dbc000be0cd95e92f6ed26155db09b4d3fbb9492bcd3df2bb75?s=96&d=mm&r=g","contentUrl":"https:\/\/secure.gravatar.com\/avatar\/9e62c6ff1d460dbc000be0cd95e92f6ed26155db09b4d3fbb9492bcd3df2bb75?s=96&d=mm&r=g","caption":"giessegi_masterkey"},"sameAs":["https:\/\/www.giessegi.com"]}]}},"_links":{"self":[{"href":"https:\/\/www.giessegi.com\/es\/wp-json\/wp\/v2\/posts\/40340","targetHints":{"allow":["GET"]}}],"collection":[{"href":"https:\/\/www.giessegi.com\/es\/wp-json\/wp\/v2\/posts"}],"about":[{"href":"https:\/\/www.giessegi.com\/es\/wp-json\/wp\/v2\/types\/post"}],"author":[{"embeddable":true,"href":"https:\/\/www.giessegi.com\/es\/wp-json\/wp\/v2\/users\/1"}],"replies":[{"embeddable":true,"href":"https:\/\/www.giessegi.com\/es\/wp-json\/wp\/v2\/comments?post=40340"}],"version-history":[{"count":2,"href":"https:\/\/www.giessegi.com\/es\/wp-json\/wp\/v2\/posts\/40340\/revisions"}],"predecessor-version":[{"id":40343,"href":"https:\/\/www.giessegi.com\/es\/wp-json\/wp\/v2\/posts\/40340\/revisions\/40343"}],"wp:featuredmedia":[{"embeddable":true,"href":"https:\/\/www.giessegi.com\/es\/wp-json\/wp\/v2\/media\/36534"}],"wp:attachment":[{"href":"https:\/\/www.giessegi.com\/es\/wp-json\/wp\/v2\/media?parent=40340"}],"wp:term":[{"taxonomy":"category","embeddable":true,"href":"https:\/\/www.giessegi.com\/es\/wp-json\/wp\/v2\/categories?post=40340"},{"taxonomy":"post_tag","embeddable":true,"href":"https:\/\/www.giessegi.com\/es\/wp-json\/wp\/v2\/tags?post=40340"}],"curies":[{"name":"wp","href":"https:\/\/api.w.org\/{rel}","templated":true}]}}