{"id":40311,"date":"2022-10-06T09:59:51","date_gmt":"2022-10-06T07:59:51","guid":{"rendered":"https:\/\/www.giessegi.com\/collezione-gsg-fall-winter-2022\/"},"modified":"2022-11-07T10:09:15","modified_gmt":"2022-11-07T09:09:15","slug":"collezione-gsg-fall-winter-2022","status":"publish","type":"post","link":"https:\/\/www.giessegi.com\/es\/collezione-gsg-fall-winter-2022\/","title":{"rendered":"COLECCI\u00d3N GSG FALL-WINTER 2022"},"content":{"rendered":"\n<p>La nueva colecci\u00f3n&nbsp;<strong>Fall-Winter 2022<\/strong>&nbsp;ya est\u00e1 online.<\/p>\n\n\n\n<p>La colecci\u00f3n se realiz\u00f3 \u00edntegramente en Italia y con atenci\u00f3n tambi\u00e9n en el textil t\u00e9cnico&nbsp;<strong>green<\/strong>&nbsp;o&nbsp;<strong>ecol\u00f3gico<\/strong>.<\/p>\n\n\n\n<p>Colores y corte anat\u00f3mico para una colecci\u00f3n de carreras, pero no solo, ma non solo, para completar la gama&nbsp;<strong>GSG<\/strong>, presenta prendas con alma verde o para aquellos que eligen la bicicleta como un momento de ocio absoluto y no de rendimiento.<\/p>\n\n\n\n<p>Para ver todos los productos visita la Colecci\u00f3n 2002 en esta misma\u00a0<a href=\"\/es\/coleccion\/invierno-2022-23\/\" target=\"_blank\" rel=\"noreferrer noopener\">secci\u00f3n<\/a>.<\/p>\n","protected":false},"excerpt":{"rendered":"<p>La nueva colecci\u00f3n&nbsp;Fall-Winter 2022&nbsp;ya est\u00e1 online. La colecci\u00f3n se realiz\u00f3 \u00edntegramente en Italia y con atenci\u00f3n tambi\u00e9n en el textil t\u00e9cnico&nbsp;green&nbsp;o&nbsp;ecol\u00f3gico. Colores y corte anat\u00f3mico para una colecci\u00f3n de carreras, pero no solo, ma non solo, para completar la gama&nbsp;GSG, presenta prendas con alma verde o para aquellos que eligen la bicicleta como un momento [&hellip;]<\/p>\n","protected":false},"author":1,"featured_media":38719,"comment_status":"closed","ping_status":"closed","sticky":false,"template":"","format":"standard","meta":{"footnotes":""},"categories":[523,519],"tags":[],"class_list":["post-40311","post","type-post","status-publish","format-standard","has-post-thumbnail","hentry","category-giessegi-es","category-news-es"],"yoast_head":"<!-- This site is optimized with the Yoast SEO plugin v27.3 - https:\/\/yoast.com\/product\/yoast-seo-wordpress\/ -->\n<title>COLECCI\u00d3N GSG FALL-WINTER 2022 | GSG - Giessegi<\/title>\n<meta name=\"robots\" content=\"index, follow, max-snippet:-1, max-image-preview:large, max-video-preview:-1\" \/>\n<link rel=\"canonical\" href=\"https:\/\/www.giessegi.com\/es\/collezione-gsg-fall-winter-2022\/\" \/>\n<meta property=\"og:locale\" content=\"es_ES\" \/>\n<meta property=\"og:type\" content=\"article\" \/>\n<meta property=\"og:title\" content=\"COLECCI\u00d3N GSG FALL-WINTER 2022 | GSG - Giessegi\" \/>\n<meta property=\"og:description\" content=\"La nueva colecci\u00f3n&nbsp;Fall-Winter 2022&nbsp;ya est\u00e1 online. La colecci\u00f3n se realiz\u00f3 \u00edntegramente en Italia y con atenci\u00f3n tambi\u00e9n en el textil t\u00e9cnico&nbsp;green&nbsp;o&nbsp;ecol\u00f3gico. Colores y corte anat\u00f3mico para una colecci\u00f3n de carreras, pero no solo, ma non solo, para completar la gama&nbsp;GSG, presenta prendas con alma verde o para aquellos que eligen la bicicleta como un momento [&hellip;]\" \/>\n<meta property=\"og:url\" content=\"https:\/\/www.giessegi.com\/es\/collezione-gsg-fall-winter-2022\/\" \/>\n<meta property=\"og:site_name\" content=\"GSG - Giessegi\" \/>\n<meta property=\"article:published_time\" content=\"2022-10-06T07:59:51+00:00\" \/>\n<meta property=\"article:modified_time\" content=\"2022-11-07T09:09:15+00:00\" \/>\n<meta property=\"og:image\" content=\"https:\/\/www.giessegi.com\/wp-content\/uploads\/2022\/10\/slide1-home.jpeg\" \/>\n\t<meta property=\"og:image:width\" content=\"1920\" \/>\n\t<meta property=\"og:image:height\" content=\"1000\" \/>\n\t<meta property=\"og:image:type\" content=\"image\/jpeg\" \/>\n<meta name=\"author\" content=\"giessegi_masterkey\" \/>\n<meta name=\"twitter:card\" content=\"summary_large_image\" \/>\n<meta name=\"twitter:label1\" content=\"Escrito por\" \/>\n\t<meta name=\"twitter:data1\" content=\"giessegi_masterkey\" \/>\n\t<meta name=\"twitter:label2\" content=\"Tiempo de lectura\" \/>\n\t<meta name=\"twitter:data2\" content=\"1 minuto\" \/>\n<script type=\"application\/ld+json\" class=\"yoast-schema-graph\">{\"@context\":\"https:\\\/\\\/schema.org\",\"@graph\":[{\"@type\":\"Article\",\"@id\":\"https:\\\/\\\/www.giessegi.com\\\/es\\\/collezione-gsg-fall-winter-2022\\\/#article\",\"isPartOf\":{\"@id\":\"https:\\\/\\\/www.giessegi.com\\\/es\\\/collezione-gsg-fall-winter-2022\\\/\"},\"author\":{\"name\":\"giessegi_masterkey\",\"@id\":\"https:\\\/\\\/www.giessegi.com\\\/en\\\/#\\\/schema\\\/person\\\/0160968f9508ad6b129b6f59b86ab562\"},\"headline\":\"COLECCI\u00d3N GSG FALL-WINTER 2022\",\"datePublished\":\"2022-10-06T07:59:51+00:00\",\"dateModified\":\"2022-11-07T09:09:15+00:00\",\"mainEntityOfPage\":{\"@id\":\"https:\\\/\\\/www.giessegi.com\\\/es\\\/collezione-gsg-fall-winter-2022\\\/\"},\"wordCount\":99,\"publisher\":{\"@id\":\"https:\\\/\\\/www.giessegi.com\\\/en\\\/#organization\"},\"image\":{\"@id\":\"https:\\\/\\\/www.giessegi.com\\\/es\\\/collezione-gsg-fall-winter-2022\\\/#primaryimage\"},\"thumbnailUrl\":\"https:\\\/\\\/www.giessegi.com\\\/wp-content\\\/uploads\\\/2022\\\/10\\\/slide1-home.jpeg\",\"articleSection\":[\"Giessegi\",\"News\"],\"inLanguage\":\"es\"},{\"@type\":\"WebPage\",\"@id\":\"https:\\\/\\\/www.giessegi.com\\\/es\\\/collezione-gsg-fall-winter-2022\\\/\",\"url\":\"https:\\\/\\\/www.giessegi.com\\\/es\\\/collezione-gsg-fall-winter-2022\\\/\",\"name\":\"COLECCI\u00d3N GSG FALL-WINTER 2022 | GSG - Giessegi\",\"isPartOf\":{\"@id\":\"https:\\\/\\\/www.giessegi.com\\\/en\\\/#website\"},\"primaryImageOfPage\":{\"@id\":\"https:\\\/\\\/www.giessegi.com\\\/es\\\/collezione-gsg-fall-winter-2022\\\/#primaryimage\"},\"image\":{\"@id\":\"https:\\\/\\\/www.giessegi.com\\\/es\\\/collezione-gsg-fall-winter-2022\\\/#primaryimage\"},\"thumbnailUrl\":\"https:\\\/\\\/www.giessegi.com\\\/wp-content\\\/uploads\\\/2022\\\/10\\\/slide1-home.jpeg\",\"datePublished\":\"2022-10-06T07:59:51+00:00\",\"dateModified\":\"2022-11-07T09:09:15+00:00\",\"breadcrumb\":{\"@id\":\"https:\\\/\\\/www.giessegi.com\\\/es\\\/collezione-gsg-fall-winter-2022\\\/#breadcrumb\"},\"inLanguage\":\"es\",\"potentialAction\":[{\"@type\":\"ReadAction\",\"target\":[\"https:\\\/\\\/www.giessegi.com\\\/es\\\/collezione-gsg-fall-winter-2022\\\/\"]}]},{\"@type\":\"ImageObject\",\"inLanguage\":\"es\",\"@id\":\"https:\\\/\\\/www.giessegi.com\\\/es\\\/collezione-gsg-fall-winter-2022\\\/#primaryimage\",\"url\":\"https:\\\/\\\/www.giessegi.com\\\/wp-content\\\/uploads\\\/2022\\\/10\\\/slide1-home.jpeg\",\"contentUrl\":\"https:\\\/\\\/www.giessegi.com\\\/wp-content\\\/uploads\\\/2022\\\/10\\\/slide1-home.jpeg\",\"width\":1920,\"height\":1000},{\"@type\":\"BreadcrumbList\",\"@id\":\"https:\\\/\\\/www.giessegi.com\\\/es\\\/collezione-gsg-fall-winter-2022\\\/#breadcrumb\",\"itemListElement\":[{\"@type\":\"ListItem\",\"position\":1,\"name\":\"Home\",\"item\":\"https:\\\/\\\/www.giessegi.com\\\/\"},{\"@type\":\"ListItem\",\"position\":2,\"name\":\"COLECCI\u00d3N GSG FALL-WINTER 2022\"}]},{\"@type\":\"WebSite\",\"@id\":\"https:\\\/\\\/www.giessegi.com\\\/en\\\/#website\",\"url\":\"https:\\\/\\\/www.giessegi.com\\\/en\\\/\",\"name\":\"Giessegi\",\"description\":\"\",\"publisher\":{\"@id\":\"https:\\\/\\\/www.giessegi.com\\\/en\\\/#organization\"},\"potentialAction\":[{\"@type\":\"SearchAction\",\"target\":{\"@type\":\"EntryPoint\",\"urlTemplate\":\"https:\\\/\\\/www.giessegi.com\\\/en\\\/?s={search_term_string}\"},\"query-input\":{\"@type\":\"PropertyValueSpecification\",\"valueRequired\":true,\"valueName\":\"search_term_string\"}}],\"inLanguage\":\"es\"},{\"@type\":\"Organization\",\"@id\":\"https:\\\/\\\/www.giessegi.com\\\/en\\\/#organization\",\"name\":\"Giessegi\",\"url\":\"https:\\\/\\\/www.giessegi.com\\\/en\\\/\",\"logo\":{\"@type\":\"ImageObject\",\"inLanguage\":\"es\",\"@id\":\"https:\\\/\\\/www.giessegi.com\\\/en\\\/#\\\/schema\\\/logo\\\/image\\\/\",\"url\":\"https:\\\/\\\/www.giessegi.com\\\/wp-content\\\/uploads\\\/2022\\\/09\\\/giessegi-logo.jpeg\",\"contentUrl\":\"https:\\\/\\\/www.giessegi.com\\\/wp-content\\\/uploads\\\/2022\\\/09\\\/giessegi-logo.jpeg\",\"width\":175,\"height\":77,\"caption\":\"Giessegi\"},\"image\":{\"@id\":\"https:\\\/\\\/www.giessegi.com\\\/en\\\/#\\\/schema\\\/logo\\\/image\\\/\"}},{\"@type\":\"Person\",\"@id\":\"https:\\\/\\\/www.giessegi.com\\\/en\\\/#\\\/schema\\\/person\\\/0160968f9508ad6b129b6f59b86ab562\",\"name\":\"giessegi_masterkey\",\"image\":{\"@type\":\"ImageObject\",\"inLanguage\":\"es\",\"@id\":\"https:\\\/\\\/secure.gravatar.com\\\/avatar\\\/9e62c6ff1d460dbc000be0cd95e92f6ed26155db09b4d3fbb9492bcd3df2bb75?s=96&d=mm&r=g\",\"url\":\"https:\\\/\\\/secure.gravatar.com\\\/avatar\\\/9e62c6ff1d460dbc000be0cd95e92f6ed26155db09b4d3fbb9492bcd3df2bb75?s=96&d=mm&r=g\",\"contentUrl\":\"https:\\\/\\\/secure.gravatar.com\\\/avatar\\\/9e62c6ff1d460dbc000be0cd95e92f6ed26155db09b4d3fbb9492bcd3df2bb75?s=96&d=mm&r=g\",\"caption\":\"giessegi_masterkey\"},\"sameAs\":[\"https:\\\/\\\/www.giessegi.com\"]}]}<\/script>\n<!-- \/ Yoast SEO plugin. -->","yoast_head_json":{"title":"COLECCI\u00d3N GSG FALL-WINTER 2022 | GSG - Giessegi","robots":{"index":"index","follow":"follow","max-snippet":"max-snippet:-1","max-image-preview":"max-image-preview:large","max-video-preview":"max-video-preview:-1"},"canonical":"https:\/\/www.giessegi.com\/es\/collezione-gsg-fall-winter-2022\/","og_locale":"es_ES","og_type":"article","og_title":"COLECCI\u00d3N GSG FALL-WINTER 2022 | GSG - Giessegi","og_description":"La nueva colecci\u00f3n&nbsp;Fall-Winter 2022&nbsp;ya est\u00e1 online. La colecci\u00f3n se realiz\u00f3 \u00edntegramente en Italia y con atenci\u00f3n tambi\u00e9n en el textil t\u00e9cnico&nbsp;green&nbsp;o&nbsp;ecol\u00f3gico. Colores y corte anat\u00f3mico para una colecci\u00f3n de carreras, pero no solo, ma non solo, para completar la gama&nbsp;GSG, presenta prendas con alma verde o para aquellos que eligen la bicicleta como un momento [&hellip;]","og_url":"https:\/\/www.giessegi.com\/es\/collezione-gsg-fall-winter-2022\/","og_site_name":"GSG - Giessegi","article_published_time":"2022-10-06T07:59:51+00:00","article_modified_time":"2022-11-07T09:09:15+00:00","og_image":[{"width":1920,"height":1000,"url":"https:\/\/www.giessegi.com\/wp-content\/uploads\/2022\/10\/slide1-home.jpeg","type":"image\/jpeg"}],"author":"giessegi_masterkey","twitter_card":"summary_large_image","twitter_misc":{"Escrito por":"giessegi_masterkey","Tiempo de lectura":"1 minuto"},"schema":{"@context":"https:\/\/schema.org","@graph":[{"@type":"Article","@id":"https:\/\/www.giessegi.com\/es\/collezione-gsg-fall-winter-2022\/#article","isPartOf":{"@id":"https:\/\/www.giessegi.com\/es\/collezione-gsg-fall-winter-2022\/"},"author":{"name":"giessegi_masterkey","@id":"https:\/\/www.giessegi.com\/en\/#\/schema\/person\/0160968f9508ad6b129b6f59b86ab562"},"headline":"COLECCI\u00d3N GSG FALL-WINTER 2022","datePublished":"2022-10-06T07:59:51+00:00","dateModified":"2022-11-07T09:09:15+00:00","mainEntityOfPage":{"@id":"https:\/\/www.giessegi.com\/es\/collezione-gsg-fall-winter-2022\/"},"wordCount":99,"publisher":{"@id":"https:\/\/www.giessegi.com\/en\/#organization"},"image":{"@id":"https:\/\/www.giessegi.com\/es\/collezione-gsg-fall-winter-2022\/#primaryimage"},"thumbnailUrl":"https:\/\/www.giessegi.com\/wp-content\/uploads\/2022\/10\/slide1-home.jpeg","articleSection":["Giessegi","News"],"inLanguage":"es"},{"@type":"WebPage","@id":"https:\/\/www.giessegi.com\/es\/collezione-gsg-fall-winter-2022\/","url":"https:\/\/www.giessegi.com\/es\/collezione-gsg-fall-winter-2022\/","name":"COLECCI\u00d3N GSG FALL-WINTER 2022 | GSG - Giessegi","isPartOf":{"@id":"https:\/\/www.giessegi.com\/en\/#website"},"primaryImageOfPage":{"@id":"https:\/\/www.giessegi.com\/es\/collezione-gsg-fall-winter-2022\/#primaryimage"},"image":{"@id":"https:\/\/www.giessegi.com\/es\/collezione-gsg-fall-winter-2022\/#primaryimage"},"thumbnailUrl":"https:\/\/www.giessegi.com\/wp-content\/uploads\/2022\/10\/slide1-home.jpeg","datePublished":"2022-10-06T07:59:51+00:00","dateModified":"2022-11-07T09:09:15+00:00","breadcrumb":{"@id":"https:\/\/www.giessegi.com\/es\/collezione-gsg-fall-winter-2022\/#breadcrumb"},"inLanguage":"es","potentialAction":[{"@type":"ReadAction","target":["https:\/\/www.giessegi.com\/es\/collezione-gsg-fall-winter-2022\/"]}]},{"@type":"ImageObject","inLanguage":"es","@id":"https:\/\/www.giessegi.com\/es\/collezione-gsg-fall-winter-2022\/#primaryimage","url":"https:\/\/www.giessegi.com\/wp-content\/uploads\/2022\/10\/slide1-home.jpeg","contentUrl":"https:\/\/www.giessegi.com\/wp-content\/uploads\/2022\/10\/slide1-home.jpeg","width":1920,"height":1000},{"@type":"BreadcrumbList","@id":"https:\/\/www.giessegi.com\/es\/collezione-gsg-fall-winter-2022\/#breadcrumb","itemListElement":[{"@type":"ListItem","position":1,"name":"Home","item":"https:\/\/www.giessegi.com\/"},{"@type":"ListItem","position":2,"name":"COLECCI\u00d3N GSG FALL-WINTER 2022"}]},{"@type":"WebSite","@id":"https:\/\/www.giessegi.com\/en\/#website","url":"https:\/\/www.giessegi.com\/en\/","name":"Giessegi","description":"","publisher":{"@id":"https:\/\/www.giessegi.com\/en\/#organization"},"potentialAction":[{"@type":"SearchAction","target":{"@type":"EntryPoint","urlTemplate":"https:\/\/www.giessegi.com\/en\/?s={search_term_string}"},"query-input":{"@type":"PropertyValueSpecification","valueRequired":true,"valueName":"search_term_string"}}],"inLanguage":"es"},{"@type":"Organization","@id":"https:\/\/www.giessegi.com\/en\/#organization","name":"Giessegi","url":"https:\/\/www.giessegi.com\/en\/","logo":{"@type":"ImageObject","inLanguage":"es","@id":"https:\/\/www.giessegi.com\/en\/#\/schema\/logo\/image\/","url":"https:\/\/www.giessegi.com\/wp-content\/uploads\/2022\/09\/giessegi-logo.jpeg","contentUrl":"https:\/\/www.giessegi.com\/wp-content\/uploads\/2022\/09\/giessegi-logo.jpeg","width":175,"height":77,"caption":"Giessegi"},"image":{"@id":"https:\/\/www.giessegi.com\/en\/#\/schema\/logo\/image\/"}},{"@type":"Person","@id":"https:\/\/www.giessegi.com\/en\/#\/schema\/person\/0160968f9508ad6b129b6f59b86ab562","name":"giessegi_masterkey","image":{"@type":"ImageObject","inLanguage":"es","@id":"https:\/\/secure.gravatar.com\/avatar\/9e62c6ff1d460dbc000be0cd95e92f6ed26155db09b4d3fbb9492bcd3df2bb75?s=96&d=mm&r=g","url":"https:\/\/secure.gravatar.com\/avatar\/9e62c6ff1d460dbc000be0cd95e92f6ed26155db09b4d3fbb9492bcd3df2bb75?s=96&d=mm&r=g","contentUrl":"https:\/\/secure.gravatar.com\/avatar\/9e62c6ff1d460dbc000be0cd95e92f6ed26155db09b4d3fbb9492bcd3df2bb75?s=96&d=mm&r=g","caption":"giessegi_masterkey"},"sameAs":["https:\/\/www.giessegi.com"]}]}},"_links":{"self":[{"href":"https:\/\/www.giessegi.com\/es\/wp-json\/wp\/v2\/posts\/40311","targetHints":{"allow":["GET"]}}],"collection":[{"href":"https:\/\/www.giessegi.com\/es\/wp-json\/wp\/v2\/posts"}],"about":[{"href":"https:\/\/www.giessegi.com\/es\/wp-json\/wp\/v2\/types\/post"}],"author":[{"embeddable":true,"href":"https:\/\/www.giessegi.com\/es\/wp-json\/wp\/v2\/users\/1"}],"replies":[{"embeddable":true,"href":"https:\/\/www.giessegi.com\/es\/wp-json\/wp\/v2\/comments?post=40311"}],"version-history":[{"count":2,"href":"https:\/\/www.giessegi.com\/es\/wp-json\/wp\/v2\/posts\/40311\/revisions"}],"predecessor-version":[{"id":40317,"href":"https:\/\/www.giessegi.com\/es\/wp-json\/wp\/v2\/posts\/40311\/revisions\/40317"}],"wp:featuredmedia":[{"embeddable":true,"href":"https:\/\/www.giessegi.com\/es\/wp-json\/wp\/v2\/media\/38719"}],"wp:attachment":[{"href":"https:\/\/www.giessegi.com\/es\/wp-json\/wp\/v2\/media?parent=40311"}],"wp:term":[{"taxonomy":"category","embeddable":true,"href":"https:\/\/www.giessegi.com\/es\/wp-json\/wp\/v2\/categories?post=40311"},{"taxonomy":"post_tag","embeddable":true,"href":"https:\/\/www.giessegi.com\/es\/wp-json\/wp\/v2\/tags?post=40311"}],"curies":[{"name":"wp","href":"https:\/\/api.w.org\/{rel}","templated":true}]}}