{"id":63039,"date":"2024-02-02T09:23:32","date_gmt":"2024-02-02T08:23:32","guid":{"rendered":"https:\/\/www.giessegi.com\/?p=63039"},"modified":"2024-02-02T10:11:03","modified_gmt":"2024-02-02T09:11:03","slug":"giessegi-wird-die-27-ausgabe-des-granfondo-via-del-sale-kleiden","status":"publish","type":"post","link":"https:\/\/www.giessegi.com\/de\/giessegi-wird-die-27-ausgabe-des-granfondo-via-del-sale-kleiden\/","title":{"rendered":"GIESSEGI wird die 27\u00b0 Ausgabe des Granfondo Via del Sale kleiden"},"content":{"rendered":"<p>Im Jahr 2024 wird GIESSEGI technischer Partner des prestigetr\u00e4chtigen Granfondo Via del Sale sein, der am 7. April 2024 in Cervia stattfinden wird.<\/p>\n<p>Die im Laufe der Zeit konsolidierte Veranstaltung ist eines der prestigetr\u00e4chtigsten Granfondo-Radrennen zu Beginn der Saison und findet bereits zum 27. Mal statt.<\/p>\n<p>Zu diesem Anlass wurde ein Wettbewerb ins Leben gerufen, bei dem unsere Grafikdesigner drei verschiedene Designs des Festtagshemdes f\u00fcr die \u00d6ffentlichkeit entwickelten und sich nach einer gewissen Zeit mehrheitlich f\u00fcr Vorschlag entschied:<\/p>\n<p><a href=\"https:\/\/www.giessegi.com\/wp-content\/uploads\/2024\/01\/Granfondo_Via_del_sale_03317_Jersey_ft.jpg\"><img fetchpriority=\"high\" decoding=\"async\" class=\"size-medium wp-image-63016 aligncenter\" src=\"https:\/\/www.giessegi.com\/wp-content\/uploads\/2024\/01\/Granfondo_Via_del_sale_03317_Jersey_ft-300x300.jpg\" alt=\"\" width=\"300\" height=\"300\" \/><\/a><\/p>\n<p>Wenn Sie sich f\u00fcr die Veranstaltung anmelden m\u00f6chten, besuchen Sie die Website:<\/p>\n<p><a href=\"https:\/\/www.granfondoviadelsale.com\/de\/anmeldung.php\" target=\"_blank\" rel=\"noopener\">https:\/\/www.granfondoviadelsale.com\/<\/a><\/p>\n<p>&nbsp;<\/p>\n","protected":false},"excerpt":{"rendered":"<p>Im Jahr 2024 wird GIESSEGI technischer Partner des prestigetr\u00e4chtigen Granfondo Via del Sale sein, der am 7. April 2024 in Cervia stattfinden wird. Die im Laufe der Zeit konsolidierte Veranstaltung ist eines der prestigetr\u00e4chtigsten Granfondo-Radrennen zu Beginn der Saison und findet bereits zum 27. Mal statt. Zu diesem Anlass wurde ein Wettbewerb ins Leben gerufen, [&hellip;]<\/p>\n","protected":false},"author":89,"featured_media":63036,"comment_status":"closed","ping_status":"closed","sticky":false,"template":"","format":"standard","meta":{"footnotes":""},"categories":[6308,6278],"tags":[6279,6280,6281,6309,6283,6310,6284,6285,6311],"class_list":["post-63039","post","type-post","status-publish","format-standard","has-post-thumbnail","hentry","category-eventi-de","category-news-de","tag-2024-de","tag-challenge-your-limits-de","tag-ciclismo-de","tag-emilia-romagna-de","tag-giessegi-de","tag-granfondo-de","tag-gsg-de","tag-gsgcyclingwear-de","tag-via-del-sale-de"],"yoast_head":"<!-- This site is optimized with the Yoast SEO plugin v27.3 - https:\/\/yoast.com\/product\/yoast-seo-wordpress\/ -->\n<title>GIESSEGI wird die 27\u00b0 Ausgabe des Granfondo Via del Sale kleiden | GSG - Giessegi<\/title>\n<meta name=\"robots\" content=\"index, follow, max-snippet:-1, max-image-preview:large, max-video-preview:-1\" \/>\n<link rel=\"canonical\" href=\"https:\/\/www.giessegi.com\/de\/giessegi-wird-die-27-ausgabe-des-granfondo-via-del-sale-kleiden\/\" \/>\n<meta property=\"og:locale\" content=\"de_DE\" \/>\n<meta property=\"og:type\" content=\"article\" \/>\n<meta property=\"og:title\" content=\"GIESSEGI wird die 27\u00b0 Ausgabe des Granfondo Via del Sale kleiden | GSG - Giessegi\" \/>\n<meta property=\"og:description\" content=\"Im Jahr 2024 wird GIESSEGI technischer Partner des prestigetr\u00e4chtigen Granfondo Via del Sale sein, der am 7. April 2024 in Cervia stattfinden wird. Die im Laufe der Zeit konsolidierte Veranstaltung ist eines der prestigetr\u00e4chtigsten Granfondo-Radrennen zu Beginn der Saison und findet bereits zum 27. Mal statt. Zu diesem Anlass wurde ein Wettbewerb ins Leben gerufen, [&hellip;]\" \/>\n<meta property=\"og:url\" content=\"https:\/\/www.giessegi.com\/de\/giessegi-wird-die-27-ausgabe-des-granfondo-via-del-sale-kleiden\/\" \/>\n<meta property=\"og:site_name\" content=\"GSG - Giessegi\" \/>\n<meta property=\"article:published_time\" content=\"2024-02-02T08:23:32+00:00\" \/>\n<meta property=\"article:modified_time\" content=\"2024-02-02T09:11:03+00:00\" \/>\n<meta property=\"og:image\" content=\"https:\/\/www.giessegi.com\/wp-content\/uploads\/2024\/01\/Copertina_News_granfondo_Via_de_sale_24.jpg\" \/>\n\t<meta property=\"og:image:width\" content=\"1600\" \/>\n\t<meta property=\"og:image:height\" content=\"900\" \/>\n\t<meta property=\"og:image:type\" content=\"image\/jpeg\" \/>\n<meta name=\"author\" content=\"marketing@giessegi.com\" \/>\n<meta name=\"twitter:card\" content=\"summary_large_image\" \/>\n<meta name=\"twitter:label1\" content=\"Verfasst von\" \/>\n\t<meta name=\"twitter:data1\" content=\"marketing@giessegi.com\" \/>\n\t<meta name=\"twitter:label2\" content=\"Gesch\u00e4tzte Lesezeit\" \/>\n\t<meta name=\"twitter:data2\" content=\"1\u00a0Minute\" \/>\n<script type=\"application\/ld+json\" class=\"yoast-schema-graph\">{\"@context\":\"https:\\\/\\\/schema.org\",\"@graph\":[{\"@type\":\"Article\",\"@id\":\"https:\\\/\\\/www.giessegi.com\\\/de\\\/giessegi-wird-die-27-ausgabe-des-granfondo-via-del-sale-kleiden\\\/#article\",\"isPartOf\":{\"@id\":\"https:\\\/\\\/www.giessegi.com\\\/de\\\/giessegi-wird-die-27-ausgabe-des-granfondo-via-del-sale-kleiden\\\/\"},\"author\":{\"name\":\"marketing@giessegi.com\",\"@id\":\"https:\\\/\\\/www.giessegi.com\\\/en\\\/#\\\/schema\\\/person\\\/1a222edb0e1b0b6c6e72bee755e53c52\"},\"headline\":\"GIESSEGI wird die 27\u00b0 Ausgabe des Granfondo Via del Sale kleiden\",\"datePublished\":\"2024-02-02T08:23:32+00:00\",\"dateModified\":\"2024-02-02T09:11:03+00:00\",\"mainEntityOfPage\":{\"@id\":\"https:\\\/\\\/www.giessegi.com\\\/de\\\/giessegi-wird-die-27-ausgabe-des-granfondo-via-del-sale-kleiden\\\/\"},\"wordCount\":107,\"publisher\":{\"@id\":\"https:\\\/\\\/www.giessegi.com\\\/en\\\/#organization\"},\"image\":{\"@id\":\"https:\\\/\\\/www.giessegi.com\\\/de\\\/giessegi-wird-die-27-ausgabe-des-granfondo-via-del-sale-kleiden\\\/#primaryimage\"},\"thumbnailUrl\":\"https:\\\/\\\/www.giessegi.com\\\/wp-content\\\/uploads\\\/2024\\\/01\\\/Copertina_News_granfondo_Via_de_sale_24.jpg\",\"keywords\":[\"2024\",\"Challenge your limits\",\"ciclismo\",\"Emilia Romagna\",\"giessegi\",\"Granfondo\",\"GSG\",\"GSGCyclingWear\",\"Via Del Sale\"],\"articleSection\":[\"Eventi\",\"News\"],\"inLanguage\":\"de\"},{\"@type\":\"WebPage\",\"@id\":\"https:\\\/\\\/www.giessegi.com\\\/de\\\/giessegi-wird-die-27-ausgabe-des-granfondo-via-del-sale-kleiden\\\/\",\"url\":\"https:\\\/\\\/www.giessegi.com\\\/de\\\/giessegi-wird-die-27-ausgabe-des-granfondo-via-del-sale-kleiden\\\/\",\"name\":\"GIESSEGI wird die 27\u00b0 Ausgabe des Granfondo Via del Sale kleiden | GSG - Giessegi\",\"isPartOf\":{\"@id\":\"https:\\\/\\\/www.giessegi.com\\\/en\\\/#website\"},\"primaryImageOfPage\":{\"@id\":\"https:\\\/\\\/www.giessegi.com\\\/de\\\/giessegi-wird-die-27-ausgabe-des-granfondo-via-del-sale-kleiden\\\/#primaryimage\"},\"image\":{\"@id\":\"https:\\\/\\\/www.giessegi.com\\\/de\\\/giessegi-wird-die-27-ausgabe-des-granfondo-via-del-sale-kleiden\\\/#primaryimage\"},\"thumbnailUrl\":\"https:\\\/\\\/www.giessegi.com\\\/wp-content\\\/uploads\\\/2024\\\/01\\\/Copertina_News_granfondo_Via_de_sale_24.jpg\",\"datePublished\":\"2024-02-02T08:23:32+00:00\",\"dateModified\":\"2024-02-02T09:11:03+00:00\",\"breadcrumb\":{\"@id\":\"https:\\\/\\\/www.giessegi.com\\\/de\\\/giessegi-wird-die-27-ausgabe-des-granfondo-via-del-sale-kleiden\\\/#breadcrumb\"},\"inLanguage\":\"de\",\"potentialAction\":[{\"@type\":\"ReadAction\",\"target\":[\"https:\\\/\\\/www.giessegi.com\\\/de\\\/giessegi-wird-die-27-ausgabe-des-granfondo-via-del-sale-kleiden\\\/\"]}]},{\"@type\":\"ImageObject\",\"inLanguage\":\"de\",\"@id\":\"https:\\\/\\\/www.giessegi.com\\\/de\\\/giessegi-wird-die-27-ausgabe-des-granfondo-via-del-sale-kleiden\\\/#primaryimage\",\"url\":\"https:\\\/\\\/www.giessegi.com\\\/wp-content\\\/uploads\\\/2024\\\/01\\\/Copertina_News_granfondo_Via_de_sale_24.jpg\",\"contentUrl\":\"https:\\\/\\\/www.giessegi.com\\\/wp-content\\\/uploads\\\/2024\\\/01\\\/Copertina_News_granfondo_Via_de_sale_24.jpg\",\"width\":1600,\"height\":900},{\"@type\":\"BreadcrumbList\",\"@id\":\"https:\\\/\\\/www.giessegi.com\\\/de\\\/giessegi-wird-die-27-ausgabe-des-granfondo-via-del-sale-kleiden\\\/#breadcrumb\",\"itemListElement\":[{\"@type\":\"ListItem\",\"position\":1,\"name\":\"Home\",\"item\":\"https:\\\/\\\/www.giessegi.com\\\/\"},{\"@type\":\"ListItem\",\"position\":2,\"name\":\"GIESSEGI wird die 27\u00b0 Ausgabe des Granfondo Via del Sale kleiden\"}]},{\"@type\":\"WebSite\",\"@id\":\"https:\\\/\\\/www.giessegi.com\\\/en\\\/#website\",\"url\":\"https:\\\/\\\/www.giessegi.com\\\/en\\\/\",\"name\":\"Giessegi\",\"description\":\"\",\"publisher\":{\"@id\":\"https:\\\/\\\/www.giessegi.com\\\/en\\\/#organization\"},\"potentialAction\":[{\"@type\":\"SearchAction\",\"target\":{\"@type\":\"EntryPoint\",\"urlTemplate\":\"https:\\\/\\\/www.giessegi.com\\\/en\\\/?s={search_term_string}\"},\"query-input\":{\"@type\":\"PropertyValueSpecification\",\"valueRequired\":true,\"valueName\":\"search_term_string\"}}],\"inLanguage\":\"de\"},{\"@type\":\"Organization\",\"@id\":\"https:\\\/\\\/www.giessegi.com\\\/en\\\/#organization\",\"name\":\"Giessegi\",\"url\":\"https:\\\/\\\/www.giessegi.com\\\/en\\\/\",\"logo\":{\"@type\":\"ImageObject\",\"inLanguage\":\"de\",\"@id\":\"https:\\\/\\\/www.giessegi.com\\\/en\\\/#\\\/schema\\\/logo\\\/image\\\/\",\"url\":\"https:\\\/\\\/www.giessegi.com\\\/wp-content\\\/uploads\\\/2022\\\/09\\\/giessegi-logo.jpeg\",\"contentUrl\":\"https:\\\/\\\/www.giessegi.com\\\/wp-content\\\/uploads\\\/2022\\\/09\\\/giessegi-logo.jpeg\",\"width\":175,\"height\":77,\"caption\":\"Giessegi\"},\"image\":{\"@id\":\"https:\\\/\\\/www.giessegi.com\\\/en\\\/#\\\/schema\\\/logo\\\/image\\\/\"}},{\"@type\":\"Person\",\"@id\":\"https:\\\/\\\/www.giessegi.com\\\/en\\\/#\\\/schema\\\/person\\\/1a222edb0e1b0b6c6e72bee755e53c52\",\"name\":\"marketing@giessegi.com\",\"image\":{\"@type\":\"ImageObject\",\"inLanguage\":\"de\",\"@id\":\"https:\\\/\\\/secure.gravatar.com\\\/avatar\\\/8e6071aa2f5c6ca84df5a7108f50fe7cddcfb0e259380eada404c95f63bffe60?s=96&d=mm&r=g\",\"url\":\"https:\\\/\\\/secure.gravatar.com\\\/avatar\\\/8e6071aa2f5c6ca84df5a7108f50fe7cddcfb0e259380eada404c95f63bffe60?s=96&d=mm&r=g\",\"contentUrl\":\"https:\\\/\\\/secure.gravatar.com\\\/avatar\\\/8e6071aa2f5c6ca84df5a7108f50fe7cddcfb0e259380eada404c95f63bffe60?s=96&d=mm&r=g\",\"caption\":\"marketing@giessegi.com\"}}]}<\/script>\n<!-- \/ Yoast SEO plugin. -->","yoast_head_json":{"title":"GIESSEGI wird die 27\u00b0 Ausgabe des Granfondo Via del Sale kleiden | GSG - Giessegi","robots":{"index":"index","follow":"follow","max-snippet":"max-snippet:-1","max-image-preview":"max-image-preview:large","max-video-preview":"max-video-preview:-1"},"canonical":"https:\/\/www.giessegi.com\/de\/giessegi-wird-die-27-ausgabe-des-granfondo-via-del-sale-kleiden\/","og_locale":"de_DE","og_type":"article","og_title":"GIESSEGI wird die 27\u00b0 Ausgabe des Granfondo Via del Sale kleiden | GSG - Giessegi","og_description":"Im Jahr 2024 wird GIESSEGI technischer Partner des prestigetr\u00e4chtigen Granfondo Via del Sale sein, der am 7. April 2024 in Cervia stattfinden wird. Die im Laufe der Zeit konsolidierte Veranstaltung ist eines der prestigetr\u00e4chtigsten Granfondo-Radrennen zu Beginn der Saison und findet bereits zum 27. Mal statt. Zu diesem Anlass wurde ein Wettbewerb ins Leben gerufen, [&hellip;]","og_url":"https:\/\/www.giessegi.com\/de\/giessegi-wird-die-27-ausgabe-des-granfondo-via-del-sale-kleiden\/","og_site_name":"GSG - Giessegi","article_published_time":"2024-02-02T08:23:32+00:00","article_modified_time":"2024-02-02T09:11:03+00:00","og_image":[{"width":1600,"height":900,"url":"https:\/\/www.giessegi.com\/wp-content\/uploads\/2024\/01\/Copertina_News_granfondo_Via_de_sale_24.jpg","type":"image\/jpeg"}],"author":"marketing@giessegi.com","twitter_card":"summary_large_image","twitter_misc":{"Verfasst von":"marketing@giessegi.com","Gesch\u00e4tzte Lesezeit":"1\u00a0Minute"},"schema":{"@context":"https:\/\/schema.org","@graph":[{"@type":"Article","@id":"https:\/\/www.giessegi.com\/de\/giessegi-wird-die-27-ausgabe-des-granfondo-via-del-sale-kleiden\/#article","isPartOf":{"@id":"https:\/\/www.giessegi.com\/de\/giessegi-wird-die-27-ausgabe-des-granfondo-via-del-sale-kleiden\/"},"author":{"name":"marketing@giessegi.com","@id":"https:\/\/www.giessegi.com\/en\/#\/schema\/person\/1a222edb0e1b0b6c6e72bee755e53c52"},"headline":"GIESSEGI wird die 27\u00b0 Ausgabe des Granfondo Via del Sale kleiden","datePublished":"2024-02-02T08:23:32+00:00","dateModified":"2024-02-02T09:11:03+00:00","mainEntityOfPage":{"@id":"https:\/\/www.giessegi.com\/de\/giessegi-wird-die-27-ausgabe-des-granfondo-via-del-sale-kleiden\/"},"wordCount":107,"publisher":{"@id":"https:\/\/www.giessegi.com\/en\/#organization"},"image":{"@id":"https:\/\/www.giessegi.com\/de\/giessegi-wird-die-27-ausgabe-des-granfondo-via-del-sale-kleiden\/#primaryimage"},"thumbnailUrl":"https:\/\/www.giessegi.com\/wp-content\/uploads\/2024\/01\/Copertina_News_granfondo_Via_de_sale_24.jpg","keywords":["2024","Challenge your limits","ciclismo","Emilia Romagna","giessegi","Granfondo","GSG","GSGCyclingWear","Via Del Sale"],"articleSection":["Eventi","News"],"inLanguage":"de"},{"@type":"WebPage","@id":"https:\/\/www.giessegi.com\/de\/giessegi-wird-die-27-ausgabe-des-granfondo-via-del-sale-kleiden\/","url":"https:\/\/www.giessegi.com\/de\/giessegi-wird-die-27-ausgabe-des-granfondo-via-del-sale-kleiden\/","name":"GIESSEGI wird die 27\u00b0 Ausgabe des Granfondo Via del Sale kleiden | GSG - Giessegi","isPartOf":{"@id":"https:\/\/www.giessegi.com\/en\/#website"},"primaryImageOfPage":{"@id":"https:\/\/www.giessegi.com\/de\/giessegi-wird-die-27-ausgabe-des-granfondo-via-del-sale-kleiden\/#primaryimage"},"image":{"@id":"https:\/\/www.giessegi.com\/de\/giessegi-wird-die-27-ausgabe-des-granfondo-via-del-sale-kleiden\/#primaryimage"},"thumbnailUrl":"https:\/\/www.giessegi.com\/wp-content\/uploads\/2024\/01\/Copertina_News_granfondo_Via_de_sale_24.jpg","datePublished":"2024-02-02T08:23:32+00:00","dateModified":"2024-02-02T09:11:03+00:00","breadcrumb":{"@id":"https:\/\/www.giessegi.com\/de\/giessegi-wird-die-27-ausgabe-des-granfondo-via-del-sale-kleiden\/#breadcrumb"},"inLanguage":"de","potentialAction":[{"@type":"ReadAction","target":["https:\/\/www.giessegi.com\/de\/giessegi-wird-die-27-ausgabe-des-granfondo-via-del-sale-kleiden\/"]}]},{"@type":"ImageObject","inLanguage":"de","@id":"https:\/\/www.giessegi.com\/de\/giessegi-wird-die-27-ausgabe-des-granfondo-via-del-sale-kleiden\/#primaryimage","url":"https:\/\/www.giessegi.com\/wp-content\/uploads\/2024\/01\/Copertina_News_granfondo_Via_de_sale_24.jpg","contentUrl":"https:\/\/www.giessegi.com\/wp-content\/uploads\/2024\/01\/Copertina_News_granfondo_Via_de_sale_24.jpg","width":1600,"height":900},{"@type":"BreadcrumbList","@id":"https:\/\/www.giessegi.com\/de\/giessegi-wird-die-27-ausgabe-des-granfondo-via-del-sale-kleiden\/#breadcrumb","itemListElement":[{"@type":"ListItem","position":1,"name":"Home","item":"https:\/\/www.giessegi.com\/"},{"@type":"ListItem","position":2,"name":"GIESSEGI wird die 27\u00b0 Ausgabe des Granfondo Via del Sale kleiden"}]},{"@type":"WebSite","@id":"https:\/\/www.giessegi.com\/en\/#website","url":"https:\/\/www.giessegi.com\/en\/","name":"Giessegi","description":"","publisher":{"@id":"https:\/\/www.giessegi.com\/en\/#organization"},"potentialAction":[{"@type":"SearchAction","target":{"@type":"EntryPoint","urlTemplate":"https:\/\/www.giessegi.com\/en\/?s={search_term_string}"},"query-input":{"@type":"PropertyValueSpecification","valueRequired":true,"valueName":"search_term_string"}}],"inLanguage":"de"},{"@type":"Organization","@id":"https:\/\/www.giessegi.com\/en\/#organization","name":"Giessegi","url":"https:\/\/www.giessegi.com\/en\/","logo":{"@type":"ImageObject","inLanguage":"de","@id":"https:\/\/www.giessegi.com\/en\/#\/schema\/logo\/image\/","url":"https:\/\/www.giessegi.com\/wp-content\/uploads\/2022\/09\/giessegi-logo.jpeg","contentUrl":"https:\/\/www.giessegi.com\/wp-content\/uploads\/2022\/09\/giessegi-logo.jpeg","width":175,"height":77,"caption":"Giessegi"},"image":{"@id":"https:\/\/www.giessegi.com\/en\/#\/schema\/logo\/image\/"}},{"@type":"Person","@id":"https:\/\/www.giessegi.com\/en\/#\/schema\/person\/1a222edb0e1b0b6c6e72bee755e53c52","name":"marketing@giessegi.com","image":{"@type":"ImageObject","inLanguage":"de","@id":"https:\/\/secure.gravatar.com\/avatar\/8e6071aa2f5c6ca84df5a7108f50fe7cddcfb0e259380eada404c95f63bffe60?s=96&d=mm&r=g","url":"https:\/\/secure.gravatar.com\/avatar\/8e6071aa2f5c6ca84df5a7108f50fe7cddcfb0e259380eada404c95f63bffe60?s=96&d=mm&r=g","contentUrl":"https:\/\/secure.gravatar.com\/avatar\/8e6071aa2f5c6ca84df5a7108f50fe7cddcfb0e259380eada404c95f63bffe60?s=96&d=mm&r=g","caption":"marketing@giessegi.com"}}]}},"_links":{"self":[{"href":"https:\/\/www.giessegi.com\/de\/wp-json\/wp\/v2\/posts\/63039","targetHints":{"allow":["GET"]}}],"collection":[{"href":"https:\/\/www.giessegi.com\/de\/wp-json\/wp\/v2\/posts"}],"about":[{"href":"https:\/\/www.giessegi.com\/de\/wp-json\/wp\/v2\/types\/post"}],"author":[{"embeddable":true,"href":"https:\/\/www.giessegi.com\/de\/wp-json\/wp\/v2\/users\/89"}],"replies":[{"embeddable":true,"href":"https:\/\/www.giessegi.com\/de\/wp-json\/wp\/v2\/comments?post=63039"}],"version-history":[{"count":5,"href":"https:\/\/www.giessegi.com\/de\/wp-json\/wp\/v2\/posts\/63039\/revisions"}],"predecessor-version":[{"id":63135,"href":"https:\/\/www.giessegi.com\/de\/wp-json\/wp\/v2\/posts\/63039\/revisions\/63135"}],"wp:featuredmedia":[{"embeddable":true,"href":"https:\/\/www.giessegi.com\/de\/wp-json\/wp\/v2\/media\/63036"}],"wp:attachment":[{"href":"https:\/\/www.giessegi.com\/de\/wp-json\/wp\/v2\/media?parent=63039"}],"wp:term":[{"taxonomy":"category","embeddable":true,"href":"https:\/\/www.giessegi.com\/de\/wp-json\/wp\/v2\/categories?post=63039"},{"taxonomy":"post_tag","embeddable":true,"href":"https:\/\/www.giessegi.com\/de\/wp-json\/wp\/v2\/tags?post=63039"}],"curies":[{"name":"wp","href":"https:\/\/api.w.org\/{rel}","templated":true}]}}